{"id":989043,"date":"2025-06-07T10:18:04","date_gmt":"2025-06-07T08:18:04","guid":{"rendered":"https:\/\/magazine.zecchinon.com\/non-categorise\/cucina-con-isola-chicago\/"},"modified":"2026-01-14T11:41:31","modified_gmt":"2026-01-14T10:41:31","slug":"une-cuisine-italienne-avec-vue-sur-chicago","status":"publish","type":"post","link":"https:\/\/magazine.zecchinon.com\/fr\/inspiration-fr\/interviews-fr\/une-cuisine-italienne-avec-vue-sur-chicago\/","title":{"rendered":"Une cuisine italienne avec vue sur Chicago"},"content":{"rendered":"\t\t<div data-elementor-type=\"wp-post\" data-elementor-id=\"989043\" class=\"elementor elementor-989043 elementor-987946\" data-elementor-post-type=\"post\">\n\t\t\t\t\t\t<section class=\"elementor-section elementor-top-section elementor-element elementor-element-64533486 elementor-section-stretched elementor-section-boxed elementor-section-height-default elementor-section-height-default\" data-id=\"64533486\" data-element_type=\"section\" data-settings=\"{&quot;stretch_section&quot;:&quot;section-stretched&quot;}\">\n\t\t\t\t\t\t<div class=\"elementor-container elementor-column-gap-no\">\n\t\t\t\t\t<div class=\"elementor-column elementor-col-100 elementor-top-column elementor-element elementor-element-7c3e6d20\" data-id=\"7c3e6d20\" data-element_type=\"column\">\n\t\t\t<div class=\"elementor-widget-wrap elementor-element-populated\">\n\t\t\t\t\t\t<div class=\"elementor-element elementor-element-1beb633c elementor-drop-cap-yes elementor-widget-mobile__width-inherit elementor-drop-cap-view-default elementor-widget elementor-widget-text-editor\" data-id=\"1beb633c\" data-element_type=\"widget\" data-settings=\"{&quot;drop_cap&quot;:&quot;yes&quot;}\" data-widget_type=\"text-editor.default\">\n\t\t\t\t<div class=\"elementor-widget-container\">\n\t\t\t\t\t\t\t\t\t<p>Au c\u0153ur de Chicago, prend forme une cuisine qui conjugue l\u2019\u00e9l\u00e9gance italienne \u00e0 une fonctionnalit\u00e9 pens\u00e9e pour le mode de vie am\u00e9ricain. Ce projet, sign\u00e9 par <strong>Archisesto<\/strong>, partenaire historique de Zecchinon aux \u00c9tats-Unis, na\u00eet du d\u00e9sir de cr\u00e9er un espace ouvert et fluide, o\u00f9 l\u2019architecture int\u00e9rieure dialogue harmonieusement avec la structure du lieu.<\/p>\n<p>Depuis sa fondation \u00e0 Chicago en 2006, <strong>Archisesto<\/strong> s\u2019attache \u00e0 promouvoir le design italien sur le march\u00e9 nord-am\u00e9ricain. En pr\u00e8s de vingt ans, ce studio boutique est devenu une r\u00e9f\u00e9rence pour les architectes et les designers d\u2019int\u00e9rieur en qu\u00eate de solutions sur mesure pour la cuisine et la salle de bains.<\/p>\t\t\t\t\t\t\t\t<\/div>\n\t\t\t\t<\/div>\n\t\t\t\t\t<\/div>\n\t\t<\/div>\n\t\t\t\t\t<\/div>\n\t\t<\/section>\n\t\t\t\t<section class=\"elementor-section elementor-top-section elementor-element elementor-element-4cce1562 elementor-section-stretched elementor-section-boxed elementor-section-height-default elementor-section-height-default\" data-id=\"4cce1562\" data-element_type=\"section\" data-settings=\"{&quot;stretch_section&quot;:&quot;section-stretched&quot;}\">\n\t\t\t\t\t\t<div class=\"elementor-container elementor-column-gap-no\">\n\t\t\t\t\t<div class=\"elementor-column elementor-col-100 elementor-top-column elementor-element elementor-element-21525c85\" data-id=\"21525c85\" data-element_type=\"column\">\n\t\t\t<div class=\"elementor-widget-wrap elementor-element-populated\">\n\t\t\t\t\t\t<div class=\"elementor-element elementor-element-d2484c3 elementor-toc--minimized-on-tablet elementor-widget elementor-widget-table-of-contents\" data-id=\"d2484c3\" data-element_type=\"widget\" data-settings=\"{&quot;headings_by_tags&quot;:[&quot;h2&quot;,&quot;h4&quot;],&quot;exclude_headings_by_selector&quot;:&quot;.mz-titolo-commenti,.mz-instagram&quot;,&quot;no_headings_message&quot;:&quot;Non sono state trovate intestazioni in questa pagina.&quot;,&quot;marker_view&quot;:&quot;numbers&quot;,&quot;minimize_box&quot;:&quot;yes&quot;,&quot;minimized_on&quot;:&quot;tablet&quot;,&quot;hierarchical_view&quot;:&quot;yes&quot;,&quot;min_height&quot;:{&quot;unit&quot;:&quot;px&quot;,&quot;size&quot;:&quot;&quot;,&quot;sizes&quot;:[]},&quot;min_height_tablet&quot;:{&quot;unit&quot;:&quot;px&quot;,&quot;size&quot;:&quot;&quot;,&quot;sizes&quot;:[]},&quot;min_height_mobile&quot;:{&quot;unit&quot;:&quot;px&quot;,&quot;size&quot;:&quot;&quot;,&quot;sizes&quot;:[]}}\" data-widget_type=\"table-of-contents.default\">\n\t\t\t\t<div class=\"elementor-widget-container\">\n\t\t\t\t\t\t\t<div class=\"elementor-toc__header\">\n\t\t\t<h4 class=\"elementor-toc__header-title\">\n\t\t\t\tEn bref\t\t\t<\/h4>\n\t\t\t\t\t\t\t<div class=\"elementor-toc__toggle-button elementor-toc__toggle-button--expand\" role=\"button\" tabindex=\"0\" aria-controls=\"elementor-toc__d2484c3\" aria-expanded=\"true\" aria-label=\"Ouvrir la table des mati\u00e8res\"><i aria-hidden=\"true\" class=\"fas fa-chevron-down\"><\/i><\/div>\n\t\t\t\t<div class=\"elementor-toc__toggle-button elementor-toc__toggle-button--collapse\" role=\"button\" tabindex=\"0\" aria-controls=\"elementor-toc__d2484c3\" aria-expanded=\"true\" aria-label=\"Fermer la table des mati\u00e8res\"><i aria-hidden=\"true\" class=\"fas fa-chevron-up\"><\/i><\/div>\n\t\t\t\t\t<\/div>\n\t\t<div id=\"elementor-toc__d2484c3\" class=\"elementor-toc__body\">\n\t\t\t<div class=\"elementor-toc__spinner-container\">\n\t\t\t\t<i class=\"elementor-toc__spinner eicon-animation-spin eicon-loading\" aria-hidden=\"true\"><\/i>\t\t\t<\/div>\n\t\t<\/div>\n\t\t\t\t\t\t<\/div>\n\t\t\t\t<\/div>\n\t\t\t\t\t<\/div>\n\t\t<\/div>\n\t\t\t\t\t<\/div>\n\t\t<\/section>\n\t\t\t\t<section class=\"elementor-section elementor-top-section elementor-element elementor-element-b2764d4 elementor-section-stretched elementor-section-boxed elementor-section-height-default elementor-section-height-default\" data-id=\"b2764d4\" data-element_type=\"section\" data-settings=\"{&quot;stretch_section&quot;:&quot;section-stretched&quot;}\">\n\t\t\t\t\t\t<div class=\"elementor-container elementor-column-gap-wider\">\n\t\t\t\t\t<div class=\"elementor-column elementor-col-50 elementor-top-column elementor-element elementor-element-4693d27\" data-id=\"4693d27\" data-element_type=\"column\">\n\t\t\t<div class=\"elementor-widget-wrap elementor-element-populated\">\n\t\t\t\t\t\t<div class=\"vamtam-has-theme-widget-styles elementor-element elementor-element-c7a309b elementor-widget elementor-widget-image\" data-id=\"c7a309b\" data-element_type=\"widget\" data-widget_type=\"image.default\">\n\t\t\t\t<div class=\"elementor-widget-container\">\n\t\t\t\t\t\t\t\t\t<div class=\"elementor-image\">\n\t\t\t\t\t\t\t\t\t\t\t\t\t\t\t\t\t\t\t\t\t<img fetchpriority=\"high\" decoding=\"async\" width=\"1327\" height=\"2000\" src=\"https:\/\/magazine.zecchinon.com\/wp-content\/uploads\/2025\/05\/2-mod.jpg\" class=\"attachment-full size-full wp-image-988863\" alt=\"Vista ravvicinata della cucina Zecchinon K105 con isola e sgabelli moderni, finiture materiche scure e piano bianco, progetto Archisesto a Chicago\" srcset=\"https:\/\/magazine.zecchinon.com\/wp-content\/uploads\/2025\/05\/2-mod.jpg 1327w, https:\/\/magazine.zecchinon.com\/wp-content\/uploads\/2025\/05\/2-mod-199x300.jpg 199w, https:\/\/magazine.zecchinon.com\/wp-content\/uploads\/2025\/05\/2-mod-679x1024.jpg 679w, https:\/\/magazine.zecchinon.com\/wp-content\/uploads\/2025\/05\/2-mod-768x1157.jpg 768w, https:\/\/magazine.zecchinon.com\/wp-content\/uploads\/2025\/05\/2-mod-1019x1536.jpg 1019w\" sizes=\"(max-width: 1327px) 100vw, 1327px\" \/>\t\t\t\t\t\t\t\t\t\t\t\t\t\t\t\t\t\t\t\t\t\t\t\t<\/div>\n\t\t\t\t\t\t\t\t<\/div>\n\t\t\t\t<\/div>\n\t\t\t\t\t<\/div>\n\t\t<\/div>\n\t\t\t\t<div class=\"elementor-column elementor-col-50 elementor-top-column elementor-element elementor-element-f3540d7\" data-id=\"f3540d7\" data-element_type=\"column\">\n\t\t\t<div class=\"elementor-widget-wrap elementor-element-populated\">\n\t\t\t\t\t\t<div class=\"vamtam-has-theme-widget-styles elementor-element elementor-element-7f16e49 elementor-widget elementor-widget-image\" data-id=\"7f16e49\" data-element_type=\"widget\" data-widget_type=\"image.default\">\n\t\t\t\t<div class=\"elementor-widget-container\">\n\t\t\t\t\t\t\t\t\t<div class=\"elementor-image\">\n\t\t\t\t\t\t\t\t\t\t\t\t\t\t\t\t\t\t\t\t\t<img decoding=\"async\" width=\"1334\" height=\"2000\" src=\"https:\/\/magazine.zecchinon.com\/wp-content\/uploads\/2025\/05\/4-mod.jpg\" class=\"attachment-full size-full wp-image-988853\" alt=\"Cucina open space Zecchinon con mobili neri opachi, isola con lavello e soffitto in legno, progettata da Archisesto in appartamento a Chicago\" srcset=\"https:\/\/magazine.zecchinon.com\/wp-content\/uploads\/2025\/05\/4-mod.jpg 1334w, https:\/\/magazine.zecchinon.com\/wp-content\/uploads\/2025\/05\/4-mod-200x300.jpg 200w, https:\/\/magazine.zecchinon.com\/wp-content\/uploads\/2025\/05\/4-mod-683x1024.jpg 683w, https:\/\/magazine.zecchinon.com\/wp-content\/uploads\/2025\/05\/4-mod-768x1151.jpg 768w, https:\/\/magazine.zecchinon.com\/wp-content\/uploads\/2025\/05\/4-mod-1025x1536.jpg 1025w\" sizes=\"(max-width: 1334px) 100vw, 1334px\" \/>\t\t\t\t\t\t\t\t\t\t\t\t\t\t\t\t\t\t\t\t\t\t\t\t<\/div>\n\t\t\t\t\t\t\t\t<\/div>\n\t\t\t\t<\/div>\n\t\t\t\t\t<\/div>\n\t\t<\/div>\n\t\t\t\t\t<\/div>\n\t\t<\/section>\n\t\t\t\t<section class=\"elementor-section elementor-top-section elementor-element elementor-element-3ea5892f elementor-section-stretched elementor-section-boxed elementor-section-height-default elementor-section-height-default\" data-id=\"3ea5892f\" data-element_type=\"section\" data-settings=\"{&quot;stretch_section&quot;:&quot;section-stretched&quot;}\">\n\t\t\t\t\t\t<div class=\"elementor-container elementor-column-gap-no\">\n\t\t\t\t\t<div class=\"elementor-column elementor-col-100 elementor-top-column elementor-element elementor-element-239c1453\" data-id=\"239c1453\" data-element_type=\"column\">\n\t\t\t<div class=\"elementor-widget-wrap elementor-element-populated\">\n\t\t\t\t\t\t<div class=\"elementor-element elementor-element-fb86b06 elementor-widget elementor-widget-heading\" data-id=\"fb86b06\" data-element_type=\"widget\" data-widget_type=\"heading.default\">\n\t\t\t\t<div class=\"elementor-widget-container\">\n\t\t\t\t\t<h2 class=\"elementor-heading-title elementor-size-default\">Une composition \u00e9l\u00e9gante avec la collection K105<\/h2>\t\t\t\t<\/div>\n\t\t\t\t<\/div>\n\t\t\t\t<div class=\"elementor-element elementor-element-34e68575 elementor-widget__width-inherit elementor-widget elementor-widget-text-editor\" data-id=\"34e68575\" data-element_type=\"widget\" data-widget_type=\"text-editor.default\">\n\t\t\t\t<div class=\"elementor-widget-container\">\n\t\t\t\t\t\t\t\t\t<p>Le client, un professionnel de l\u2019immobilier, souhaitait une cuisine tourn\u00e9e vers l\u2019ext\u00e9rieur. Pas de poign\u00e9es, des finitions chaleureuses, des lignes pures. Un environnement \u00e0 la fois accueillant et sophistiqu\u00e9, raconte <strong>Giacomo Ferrucci<\/strong>, fondateur d\u2019Archisesto. Ouverte sur la pi\u00e8ce \u00e0 vivre, la cuisine devient un point d\u2019articulation entre l\u2019int\u00e9rieur raffin\u00e9 de l\u2019appartement et les lignes puissantes de la ville.<\/p><p>La <strong>collection K105 de Zecchinon<\/strong> s\u2019exprime ici dans une palette bicolore m\u00ealant <strong>Quercia Dark et Fenix Verde Comodoro<\/strong>, pour une atmosph\u00e8re contemporaine et enveloppante. L\u2019agencement, compos\u00e9 d\u2019un \u00eelot central et d\u2019un lin\u00e9aire lat\u00e9ral, s\u2019int\u00e8gre avec fluidit\u00e9 dans l\u2019espace. Les fa\u00e7ades sans poign\u00e9es renforcent la puret\u00e9 de l\u2019ensemble, tandis qu\u2019une touche de bleu, subtile et ma\u00eetris\u00e9e, distingue l\u2019espace bureau\/bar et donne une personnalit\u00e9 suppl\u00e9mentaire \u00e0 la pi\u00e8ce.<\/p>\t\t\t\t\t\t\t\t<\/div>\n\t\t\t\t<\/div>\n\t\t\t\t\t<\/div>\n\t\t<\/div>\n\t\t\t\t\t<\/div>\n\t\t<\/section>\n\t\t\t\t<section class=\"elementor-section elementor-top-section elementor-element elementor-element-1a0816ae elementor-section-stretched elementor-section-boxed elementor-section-height-default elementor-section-height-default\" data-id=\"1a0816ae\" data-element_type=\"section\" data-settings=\"{&quot;stretch_section&quot;:&quot;section-stretched&quot;}\">\n\t\t\t\t\t\t<div class=\"elementor-container elementor-column-gap-wider\">\n\t\t\t\t\t<div class=\"elementor-column elementor-col-100 elementor-top-column elementor-element elementor-element-45f3479\" data-id=\"45f3479\" data-element_type=\"column\">\n\t\t\t<div class=\"elementor-widget-wrap elementor-element-populated\">\n\t\t\t\t\t\t<div class=\"vamtam-has-theme-widget-styles elementor-element elementor-element-6aac1b2 elementor-widget elementor-widget-image\" data-id=\"6aac1b2\" data-element_type=\"widget\" data-widget_type=\"image.default\">\n\t\t\t\t<div class=\"elementor-widget-container\">\n\t\t\t\t\t\t\t\t\t<div class=\"elementor-image\">\n\t\t\t\t\t\t\t\t\t\t\t\t\t\t\t\t\t\t\t\t\t<img decoding=\"async\" width=\"2000\" height=\"1332\" src=\"https:\/\/magazine.zecchinon.com\/wp-content\/uploads\/2025\/05\/5-mod.jpg\" class=\"attachment-full size-full wp-image-988857\" alt=\"Soggiorno luminoso con cucina K105 Zecchinon e soppalco, in un progetto firmato Archisesto che unisce design italiano e gusto americano\" srcset=\"https:\/\/magazine.zecchinon.com\/wp-content\/uploads\/2025\/05\/5-mod.jpg 2000w, https:\/\/magazine.zecchinon.com\/wp-content\/uploads\/2025\/05\/5-mod-300x200.jpg 300w, https:\/\/magazine.zecchinon.com\/wp-content\/uploads\/2025\/05\/5-mod-1024x682.jpg 1024w, https:\/\/magazine.zecchinon.com\/wp-content\/uploads\/2025\/05\/5-mod-768x511.jpg 768w, https:\/\/magazine.zecchinon.com\/wp-content\/uploads\/2025\/05\/5-mod-1536x1023.jpg 1536w\" sizes=\"(max-width: 2000px) 100vw, 2000px\" \/>\t\t\t\t\t\t\t\t\t\t\t\t\t\t\t\t\t\t\t\t\t\t\t\t<\/div>\n\t\t\t\t\t\t\t\t<\/div>\n\t\t\t\t<\/div>\n\t\t\t\t\t<\/div>\n\t\t<\/div>\n\t\t\t\t\t<\/div>\n\t\t<\/section>\n\t\t\t\t<section class=\"elementor-section elementor-top-section elementor-element elementor-element-7873db9a elementor-section-stretched elementor-section-boxed elementor-section-height-default elementor-section-height-default\" data-id=\"7873db9a\" data-element_type=\"section\" data-settings=\"{&quot;stretch_section&quot;:&quot;section-stretched&quot;}\">\n\t\t\t\t\t\t<div class=\"elementor-container elementor-column-gap-no\">\n\t\t\t\t\t<div class=\"elementor-column elementor-col-100 elementor-top-column elementor-element elementor-element-3f6f1bb\" data-id=\"3f6f1bb\" data-element_type=\"column\">\n\t\t\t<div class=\"elementor-widget-wrap elementor-element-populated\">\n\t\t\t\t\t\t<div class=\"elementor-element elementor-element-9ef3c29 elementor-widget elementor-widget-heading\" data-id=\"9ef3c29\" data-element_type=\"widget\" data-widget_type=\"heading.default\">\n\t\t\t\t<div class=\"elementor-widget-container\">\n\t\t\t\t\t<h2 class=\"elementor-heading-title elementor-size-default\">Modularit\u00e9, personnalisation, atmosph\u00e8re : l\u2019essence du projet<\/h2>\t\t\t\t<\/div>\n\t\t\t\t<\/div>\n\t\t\t\t<div class=\"elementor-element elementor-element-1b01497 elementor-widget elementor-widget-text-editor\" data-id=\"1b01497\" data-element_type=\"widget\" data-widget_type=\"text-editor.default\">\n\t\t\t\t<div class=\"elementor-widget-container\">\n\t\t\t\t\t\t\t\t\t<p>L\u2019appartement \u00e9tant situ\u00e9 dans un b\u00e2timent ancien, le projet devait s\u2019adapter \u00e0 des dimensions sp\u00e9cifiques et \u00e0 des contraintes structurelles complexes. \u00ab La modularit\u00e9 des cuisines Zecchinon nous a permis de travailler au millim\u00e8tre, en respectant l\u2019existant sans renoncer \u00e0 l\u2019esth\u00e9tique \u00bb, explique Ferrucci. Au-del\u00e0 de la pr\u00e9cision, c\u2019est une question d\u2019atmosph\u00e8re. Chaque d\u00e9tail contribue \u00e0 cr\u00e9er un lieu chaleureux et actuel : la mat\u00e9rialit\u00e9 du bois, la sobri\u00e9t\u00e9 de la laque, la lumi\u00e8re qui entre \u00e0 flots et dessine des g\u00e9om\u00e9tries mouvantes sur les surfaces.<\/p>\t\t\t\t\t\t\t\t<\/div>\n\t\t\t\t<\/div>\n\t\t\t\t\t<\/div>\n\t\t<\/div>\n\t\t\t\t\t<\/div>\n\t\t<\/section>\n\t\t\t\t<section class=\"elementor-section elementor-top-section elementor-element elementor-element-3d25d6fa elementor-section-stretched elementor-section-boxed elementor-section-height-default elementor-section-height-default\" data-id=\"3d25d6fa\" data-element_type=\"section\" data-settings=\"{&quot;background_background&quot;:&quot;classic&quot;,&quot;stretch_section&quot;:&quot;section-stretched&quot;}\">\n\t\t\t\t\t\t<div class=\"elementor-container elementor-column-gap-no\">\n\t\t\t\t\t<div class=\"elementor-column elementor-col-100 elementor-top-column elementor-element elementor-element-79676187\" data-id=\"79676187\" data-element_type=\"column\">\n\t\t\t<div class=\"elementor-widget-wrap elementor-element-populated\">\n\t\t\t\t\t\t<div class=\"elementor-element elementor-element-4c3f271c elementor-blockquote--skin-clean elementor-blockquote--align-center elementor-blockquote--button-color-custom elementor-widget elementor-widget-blockquote\" data-id=\"4c3f271c\" data-element_type=\"widget\" data-widget_type=\"blockquote.default\">\n\t\t\t\t<div class=\"elementor-widget-container\">\n\t\t\t\t\t\t\t<blockquote class=\"elementor-blockquote\">\n\t\t\t<p class=\"elementor-blockquote__content\">\n\t\t\t\tUne relation de confiance qui traverse l\u2019Atlantique\t\t\t<\/p>\n\t\t\t\t\t<\/blockquote>\n\t\t\t\t\t\t<\/div>\n\t\t\t\t<\/div>\n\t\t\t\t\t<\/div>\n\t\t<\/div>\n\t\t\t\t\t<\/div>\n\t\t<\/section>\n\t\t\t\t<section class=\"elementor-section elementor-top-section elementor-element elementor-element-b9f5681 elementor-section-stretched elementor-section-boxed elementor-section-height-default elementor-section-height-default\" data-id=\"b9f5681\" data-element_type=\"section\" data-settings=\"{&quot;stretch_section&quot;:&quot;section-stretched&quot;}\">\n\t\t\t\t\t\t<div class=\"elementor-container elementor-column-gap-no\">\n\t\t\t\t\t<div class=\"elementor-column elementor-col-100 elementor-top-column elementor-element elementor-element-5d9b6a7\" data-id=\"5d9b6a7\" data-element_type=\"column\">\n\t\t\t<div class=\"elementor-widget-wrap elementor-element-populated\">\n\t\t\t\t\t\t<div class=\"elementor-element elementor-element-f971a0d elementor-widget elementor-widget-text-editor\" data-id=\"f971a0d\" data-element_type=\"widget\" data-widget_type=\"text-editor.default\">\n\t\t\t\t<div class=\"elementor-widget-container\">\n\t\t\t\t\t\t\t\t\t<p>\u00ab Nous avons choisi de faire venir Zecchinon aux \u00c9tats-Unis car nous savions que c\u2019\u00e9tait une proposition diff\u00e9rente. \u00bb Archisesto a \u00e9t\u00e9 le tout premier partenaire Zecchinon sur le sol am\u00e9ricain. \u00ab Pour nous, Zecchinon n\u2019est pas un simple fournisseur. C\u2019est une marque avec laquelle nous avons grandi. Nous partageons une m\u00eame vision : offrir un design italien de qualit\u00e9 \u00e0 un public exigeant. \u00bb<\/p><p>La relation entre Zecchinon et Archisesto repose sur des fondations solides : confiance, \u00e9changes constants et vision commune. Leurs valeurs convergent naturellement : <strong>qualit\u00e9, personnalisation, innovation<\/strong>, et surtout un vrai <strong>esprit de famille<\/strong>.<\/p>\t\t\t\t\t\t\t\t<\/div>\n\t\t\t\t<\/div>\n\t\t\t\t\t<\/div>\n\t\t<\/div>\n\t\t\t\t\t<\/div>\n\t\t<\/section>\n\t\t\t\t<section class=\"elementor-section elementor-top-section elementor-element elementor-element-59838c3 elementor-section-stretched elementor-section-boxed elementor-section-height-default elementor-section-height-default\" data-id=\"59838c3\" data-element_type=\"section\" data-settings=\"{&quot;stretch_section&quot;:&quot;section-stretched&quot;}\">\n\t\t\t\t\t\t<div class=\"elementor-container elementor-column-gap-wider\">\n\t\t\t\t\t<div class=\"elementor-column elementor-col-100 elementor-top-column elementor-element elementor-element-88402c5\" data-id=\"88402c5\" data-element_type=\"column\">\n\t\t\t<div class=\"elementor-widget-wrap elementor-element-populated\">\n\t\t\t\t\t\t<div class=\"elementor-element elementor-element-00bb26d elementor-widget elementor-widget-gallery\" data-id=\"00bb26d\" data-element_type=\"widget\" data-settings=\"{&quot;gallery_layout&quot;:&quot;masonry&quot;,&quot;columns&quot;:2,&quot;lazyload&quot;:&quot;yes&quot;,&quot;columns_tablet&quot;:2,&quot;columns_mobile&quot;:1,&quot;gap&quot;:{&quot;unit&quot;:&quot;px&quot;,&quot;size&quot;:10,&quot;sizes&quot;:[]},&quot;gap_tablet&quot;:{&quot;unit&quot;:&quot;px&quot;,&quot;size&quot;:10,&quot;sizes&quot;:[]},&quot;gap_mobile&quot;:{&quot;unit&quot;:&quot;px&quot;,&quot;size&quot;:10,&quot;sizes&quot;:[]},&quot;link_to&quot;:&quot;file&quot;,&quot;overlay_background&quot;:&quot;yes&quot;,&quot;content_hover_animation&quot;:&quot;fade-in&quot;}\" data-widget_type=\"gallery.default\">\n\t\t\t\t<div class=\"elementor-widget-container\">\n\t\t\t\t\t\t\t<div class=\"elementor-gallery__container\">\n\t\t\t\t\t\t\t<a class=\"e-gallery-item elementor-gallery-item elementor-animated-content\" href=\"https:\/\/magazine.zecchinon.com\/wp-content\/uploads\/2025\/05\/7-mod.jpg\" data-elementor-open-lightbox=\"yes\" data-elementor-lightbox-slideshow=\"00bb26d\" data-elementor-lightbox-title=\"Cucina Zecchinon con isola centrale e ingresso in vista\" data-e-action-hash=\"#elementor-action%3Aaction%3Dlightbox%26settings%3DeyJpZCI6OTg3OTUxLCJ1cmwiOiJodHRwczpcL1wvbWFnYXppbmUuemVjY2hpbm9uLmNvbVwvd3AtY29udGVudFwvdXBsb2Fkc1wvMjAyNVwvMDVcLzctbW9kLmpwZyIsInNsaWRlc2hvdyI6IjAwYmIyNmQifQ%3D%3D\">\n\t\t\t\t\t<div class=\"e-gallery-image elementor-gallery-item__image\" data-thumbnail=\"https:\/\/magazine.zecchinon.com\/wp-content\/uploads\/2025\/05\/7-mod.jpg\" data-width=\"2000\" data-height=\"1332\" aria-label=\"Cucina moderna Zecchinon con isola centrale, colonne laccate opache e parete attrezzata, progettata da Archisesto per un appartamento con vista su Chicago\" role=\"img\" ><\/div>\n\t\t\t\t\t\t\t\t\t\t\t<div class=\"elementor-gallery-item__overlay\"><\/div>\n\t\t\t\t\t\t\t\t\t\t\t\t\t\t<\/a>\n\t\t\t\t\t\t\t<a class=\"e-gallery-item elementor-gallery-item elementor-animated-content\" href=\"https:\/\/magazine.zecchinon.com\/wp-content\/uploads\/2025\/05\/1-mod.jpg\" data-elementor-open-lightbox=\"yes\" data-elementor-lightbox-slideshow=\"00bb26d\" data-elementor-lightbox-title=\"Dettaglio cucina K105 Zecchinon con isola e pareti attrezzate\" data-e-action-hash=\"#elementor-action%3Aaction%3Dlightbox%26settings%3DeyJpZCI6OTg3OTQ4LCJ1cmwiOiJodHRwczpcL1wvbWFnYXppbmUuemVjY2hpbm9uLmNvbVwvd3AtY29udGVudFwvdXBsb2Fkc1wvMjAyNVwvMDVcLzEtbW9kLmpwZyIsInNsaWRlc2hvdyI6IjAwYmIyNmQifQ%3D%3D\">\n\t\t\t\t\t<div class=\"e-gallery-image elementor-gallery-item__image\" data-thumbnail=\"https:\/\/magazine.zecchinon.com\/wp-content\/uploads\/2025\/05\/1-mod.jpg\" data-width=\"2000\" data-height=\"1331\" aria-label=\"Design cucina italiana Zecchinon con penisola bianca e zona cottura attrezzata, realizzata da Archisesto in un contesto residenziale a Chicago\" role=\"img\" ><\/div>\n\t\t\t\t\t\t\t\t\t\t\t<div class=\"elementor-gallery-item__overlay\"><\/div>\n\t\t\t\t\t\t\t\t\t\t\t\t\t\t<\/a>\n\t\t\t\t\t<\/div>\n\t\t\t\t\t<\/div>\n\t\t\t\t<\/div>\n\t\t\t\t\t<\/div>\n\t\t<\/div>\n\t\t\t\t\t<\/div>\n\t\t<\/section>\n\t\t\t\t<section class=\"elementor-section elementor-top-section elementor-element elementor-element-3f66298e elementor-section-stretched elementor-section-boxed elementor-section-height-default elementor-section-height-default\" data-id=\"3f66298e\" data-element_type=\"section\" data-settings=\"{&quot;stretch_section&quot;:&quot;section-stretched&quot;}\">\n\t\t\t\t\t\t<div class=\"elementor-container elementor-column-gap-no\">\n\t\t\t\t\t<div class=\"elementor-column elementor-col-100 elementor-top-column elementor-element elementor-element-485bcc20\" data-id=\"485bcc20\" data-element_type=\"column\">\n\t\t\t<div class=\"elementor-widget-wrap elementor-element-populated\">\n\t\t\t\t\t\t<div class=\"elementor-element elementor-element-5f24eca4 elementor-widget elementor-widget-heading\" data-id=\"5f24eca4\" data-element_type=\"widget\" data-widget_type=\"heading.default\">\n\t\t\t\t<div class=\"elementor-widget-container\">\n\t\t\t\t\t<h2 class=\"elementor-heading-title elementor-size-default\">Regard tourn\u00e9 vers l\u2019avenir : \u00e9l\u00e9gance italienne, c\u0153ur am\u00e9ricain<\/h2>\t\t\t\t<\/div>\n\t\t\t\t<\/div>\n\t\t\t\t<div class=\"elementor-element elementor-element-12c9becd elementor-widget elementor-widget-text-editor\" data-id=\"12c9becd\" data-element_type=\"widget\" data-widget_type=\"text-editor.default\">\n\t\t\t\t<div class=\"elementor-widget-container\">\n\t\t\t\t\t\t\t\t\t<p>Aux \u00c9tats-Unis, la cuisine \u00e9volue vite. Ferrucci en est pleinement conscient : \u00ab La tendance va vers une synth\u00e8se toujours plus forte entre fonctionnalit\u00e9 et raffinement. La cuisine doit \u00eatre pratique, mais aussi transmettre une id\u00e9e de beaut\u00e9, de durabilit\u00e9 et de qualit\u00e9. \u00bb<\/p><p>Avec ses mat\u00e9riaux nobles, son design modulaire et sa remarquable capacit\u00e9 de personnalisation, <strong>Zecchinon r\u00e9pond \u00e0 ces attentes<\/strong>. Cette flexibilit\u00e9 permet \u00e0 la marque de s\u2019adapter \u00e0 des publics vari\u00e9s, tout en pr\u00e9servant intacte son identit\u00e9 italienne.<\/p>\t\t\t\t\t\t\t\t<\/div>\n\t\t\t\t<\/div>\n\t\t\t\t<div class=\"elementor-element elementor-element-9077420 elementor-widget elementor-widget-heading\" data-id=\"9077420\" data-element_type=\"widget\" data-widget_type=\"heading.default\">\n\t\t\t\t<div class=\"elementor-widget-container\">\n\t\t\t\t\t<h3 class=\"elementor-heading-title elementor-size-default\">Chaque projet est une histoire. <\/h3>\t\t\t\t<\/div>\n\t\t\t\t<\/div>\n\t\t\t\t<div class=\"elementor-element elementor-element-54e1a10 elementor-widget elementor-widget-text-editor\" data-id=\"54e1a10\" data-element_type=\"widget\" data-widget_type=\"text-editor.default\">\n\t\t\t\t<div class=\"elementor-widget-container\">\n\t\t\t\t\t\t\t\t\t<p>Celui-ci parle d\u2019affinit\u00e9s partag\u00e9es, de beaut\u00e9 ma\u00eetris\u00e9e et de design sinc\u00e8re. Plus qu\u2019un am\u00e9nagement, la cuisine imagin\u00e9e par Archisesto est un manifeste : la preuve que la rencontre entre culture projetuelle et savoir-faire technique peut donner naissance \u00e0 des espaces aussi fonctionnels qu\u2019\u00e9motionnels.<\/p><p>D\u00e9couvrez les collections Zecchinon et laissez-vous inspirer par une vision de la cuisine n\u00e9e en Italie et pens\u00e9e pour le monde.<\/p>\t\t\t\t\t\t\t\t<\/div>\n\t\t\t\t<\/div>\n\t\t\t\t<div class=\"vamtam-has-theme-widget-styles elementor-element elementor-element-5e37520 elementor-align-center elementor-widget elementor-widget-button\" data-id=\"5e37520\" data-element_type=\"widget\" data-widget_type=\"button.default\">\n\t\t\t\t<div class=\"elementor-widget-container\">\n\t\t\t\t\t\t\t\t\t<div class=\"elementor-button-wrapper\">\n\t\t\t\t\t<a class=\"elementor-button elementor-button-link elementor-size-sm\" href=\"https:\/\/www.zecchinon.com\/fr\" target=\"_blank\">\n\t\t\t\t\t\t<span class=\"elementor-button-content-wrapper\">\n\t\t\t\t\t\t\t\t\t<span class=\"elementor-button-text\">D\u00e9couvrez les collections <\/span>\n\t\t\t\t\t<\/span>\n\t\t\t\t\t<\/a>\n\t\t\t\t<\/div>\n\t\t\t\t\t\t\t\t<\/div>\n\t\t\t\t<\/div>\n\t\t\t\t\t<\/div>\n\t\t<\/div>\n\t\t\t\t\t<\/div>\n\t\t<\/section>\n\t\t\t\t<\/div>\n\t\t","protected":false},"excerpt":{"rendered":"<p>Design italien, modularit\u00e9 Zecchinon et esprit am\u00e9ricain : dans cet appartement surplombant la skyline de Chicago, l\u2019architecture int\u00e9rieure devient un manifeste de style, gr\u00e2ce au partenariat avec Archisesto.<\/p>\n","protected":false},"author":2,"featured_media":988859,"comment_status":"open","ping_status":"open","sticky":false,"template":"","format":"standard","meta":{"inline_featured_image":false,"footnotes":""},"categories":[136,138,97,92,96,140],"tags":[178,172,179,165,177,180],"class_list":["post-989043","post","type-post","status-publish","format-standard","has-post-thumbnail","hentry","category-inspiration-fr","category-interviews-fr","category-interviste","category-ispirazione","category-progetti","category-projets","tag-bois","tag-cucina-con-isola-fr","tag-etats-unis","tag-featured-fr","tag-k105-fr","tag-style-contemporain"],"yoast_head":"<!-- This site is optimized with the Yoast SEO plugin v25.3 - https:\/\/yoast.com\/wordpress\/plugins\/seo\/ -->\n<title>Une cuisine italienne avec vue sur Chicago - Magazine Zecchinon<\/title>\n<meta name=\"description\" content=\"Une cuisine ouverte, sur mesure, avec \u00eelot et mat\u00e9riaux nobles. Inspiration pour une r\u00e9novation \u00e9l\u00e9gante au c\u0153ur d\u2019un appartement \u00e0 Chicago.\" \/>\n<meta name=\"robots\" content=\"index, follow, max-snippet:-1, max-image-preview:large, max-video-preview:-1\" \/>\n<link rel=\"canonical\" href=\"https:\/\/magazine.zecchinon.com\/fr\/inspiration-fr\/interviews-fr\/une-cuisine-italienne-avec-vue-sur-chicago\/\" \/>\n<meta property=\"og:locale\" content=\"fr_FR\" \/>\n<meta property=\"og:type\" content=\"article\" \/>\n<meta property=\"og:title\" content=\"Une cuisine italienne avec vue sur Chicago - Magazine Zecchinon\" \/>\n<meta property=\"og:description\" content=\"Une cuisine ouverte, sur mesure, avec \u00eelot et mat\u00e9riaux nobles. Inspiration pour une r\u00e9novation \u00e9l\u00e9gante au c\u0153ur d\u2019un appartement \u00e0 Chicago.\" \/>\n<meta property=\"og:url\" content=\"https:\/\/magazine.zecchinon.com\/fr\/inspiration-fr\/interviews-fr\/une-cuisine-italienne-avec-vue-sur-chicago\/\" \/>\n<meta property=\"og:site_name\" content=\"Magazine Zecchinon\" \/>\n<meta property=\"article:published_time\" content=\"2025-06-07T08:18:04+00:00\" \/>\n<meta property=\"article:modified_time\" content=\"2026-01-14T10:41:31+00:00\" \/>\n<meta property=\"og:image\" content=\"https:\/\/magazine.zecchinon.com\/wp-content\/uploads\/2025\/05\/6-mod.jpg\" \/>\n\t<meta property=\"og:image:width\" content=\"2000\" \/>\n\t<meta property=\"og:image:height\" content=\"1331\" \/>\n\t<meta property=\"og:image:type\" content=\"image\/jpeg\" \/>\n<meta name=\"author\" content=\"Valeria Garbo\" \/>\n<meta name=\"twitter:card\" content=\"summary_large_image\" \/>\n<meta name=\"twitter:label1\" content=\"\u00c9crit par\" \/>\n\t<meta name=\"twitter:data1\" content=\"Valeria Garbo\" \/>\n\t<meta name=\"twitter:label2\" content=\"Dur\u00e9e de lecture estim\u00e9e\" \/>\n\t<meta name=\"twitter:data2\" content=\"4 minutes\" \/>\n<script type=\"application\/ld+json\" class=\"yoast-schema-graph\">{\"@context\":\"https:\/\/schema.org\",\"@graph\":[{\"@type\":\"Article\",\"@id\":\"https:\/\/magazine.zecchinon.com\/fr\/inspiration-fr\/interviews-fr\/une-cuisine-italienne-avec-vue-sur-chicago\/#article\",\"isPartOf\":{\"@id\":\"https:\/\/magazine.zecchinon.com\/fr\/inspiration-fr\/interviews-fr\/une-cuisine-italienne-avec-vue-sur-chicago\/\"},\"author\":{\"name\":\"Valeria Garbo\",\"@id\":\"https:\/\/magazine.zecchinon.com\/#\/schema\/person\/84bbe5105102ea69698c5458b9303848\"},\"headline\":\"Une cuisine italienne avec vue sur Chicago\",\"datePublished\":\"2025-06-07T08:18:04+00:00\",\"dateModified\":\"2026-01-14T10:41:31+00:00\",\"mainEntityOfPage\":{\"@id\":\"https:\/\/magazine.zecchinon.com\/fr\/inspiration-fr\/interviews-fr\/une-cuisine-italienne-avec-vue-sur-chicago\/\"},\"wordCount\":675,\"commentCount\":0,\"publisher\":{\"@id\":\"https:\/\/magazine.zecchinon.com\/#organization\"},\"image\":{\"@id\":\"https:\/\/magazine.zecchinon.com\/fr\/inspiration-fr\/interviews-fr\/une-cuisine-italienne-avec-vue-sur-chicago\/#primaryimage\"},\"thumbnailUrl\":\"https:\/\/magazine.zecchinon.com\/wp-content\/uploads\/2025\/05\/6-mod.jpg\",\"keywords\":[\"Bois\",\"Cucina con isola\",\"\u00c9tats-Unis d&#039;Am\u00e9rique\",\"Featured\",\"K105\",\"Style contemporain\"],\"articleSection\":[\"Inspiration\",\"Interviews\",\"Interviste\",\"Ispirazione\",\"Progetti\",\"Projets\"],\"inLanguage\":\"fr-FR\",\"potentialAction\":[{\"@type\":\"CommentAction\",\"name\":\"Comment\",\"target\":[\"https:\/\/magazine.zecchinon.com\/fr\/inspiration-fr\/interviews-fr\/une-cuisine-italienne-avec-vue-sur-chicago\/#respond\"]}]},{\"@type\":\"WebPage\",\"@id\":\"https:\/\/magazine.zecchinon.com\/fr\/inspiration-fr\/interviews-fr\/une-cuisine-italienne-avec-vue-sur-chicago\/\",\"url\":\"https:\/\/magazine.zecchinon.com\/fr\/inspiration-fr\/interviews-fr\/une-cuisine-italienne-avec-vue-sur-chicago\/\",\"name\":\"Une cuisine italienne avec vue sur Chicago - Magazine Zecchinon\",\"isPartOf\":{\"@id\":\"https:\/\/magazine.zecchinon.com\/#website\"},\"primaryImageOfPage\":{\"@id\":\"https:\/\/magazine.zecchinon.com\/fr\/inspiration-fr\/interviews-fr\/une-cuisine-italienne-avec-vue-sur-chicago\/#primaryimage\"},\"image\":{\"@id\":\"https:\/\/magazine.zecchinon.com\/fr\/inspiration-fr\/interviews-fr\/une-cuisine-italienne-avec-vue-sur-chicago\/#primaryimage\"},\"thumbnailUrl\":\"https:\/\/magazine.zecchinon.com\/wp-content\/uploads\/2025\/05\/6-mod.jpg\",\"datePublished\":\"2025-06-07T08:18:04+00:00\",\"dateModified\":\"2026-01-14T10:41:31+00:00\",\"description\":\"Une cuisine ouverte, sur mesure, avec \u00eelot et mat\u00e9riaux nobles. Inspiration pour une r\u00e9novation \u00e9l\u00e9gante au c\u0153ur d\u2019un appartement \u00e0 Chicago.\",\"breadcrumb\":{\"@id\":\"https:\/\/magazine.zecchinon.com\/fr\/inspiration-fr\/interviews-fr\/une-cuisine-italienne-avec-vue-sur-chicago\/#breadcrumb\"},\"inLanguage\":\"fr-FR\",\"potentialAction\":[{\"@type\":\"ReadAction\",\"target\":[\"https:\/\/magazine.zecchinon.com\/fr\/inspiration-fr\/interviews-fr\/une-cuisine-italienne-avec-vue-sur-chicago\/\"]}]},{\"@type\":\"ImageObject\",\"inLanguage\":\"fr-FR\",\"@id\":\"https:\/\/magazine.zecchinon.com\/fr\/inspiration-fr\/interviews-fr\/une-cuisine-italienne-avec-vue-sur-chicago\/#primaryimage\",\"url\":\"https:\/\/magazine.zecchinon.com\/wp-content\/uploads\/2025\/05\/6-mod.jpg\",\"contentUrl\":\"https:\/\/magazine.zecchinon.com\/wp-content\/uploads\/2025\/05\/6-mod.jpg\",\"width\":2000,\"height\":1331,\"caption\":\"Design cucina italiana Zecchinon con penisola bianca e zona cottura attrezzata, realizzata da Archisesto in un contesto residenziale a Chicago\"},{\"@type\":\"BreadcrumbList\",\"@id\":\"https:\/\/magazine.zecchinon.com\/fr\/inspiration-fr\/interviews-fr\/une-cuisine-italienne-avec-vue-sur-chicago\/#breadcrumb\",\"itemListElement\":[{\"@type\":\"ListItem\",\"position\":1,\"name\":\"Home\",\"item\":\"https:\/\/magazine.zecchinon.com\/en\/\"},{\"@type\":\"ListItem\",\"position\":2,\"name\":\"Une cuisine italienne avec vue sur Chicago\"}]},{\"@type\":\"WebSite\",\"@id\":\"https:\/\/magazine.zecchinon.com\/#website\",\"url\":\"https:\/\/magazine.zecchinon.com\/\",\"name\":\"Magazine Zecchinon\",\"description\":\"Your Kitchen. Live Every Moment.\",\"publisher\":{\"@id\":\"https:\/\/magazine.zecchinon.com\/#organization\"},\"potentialAction\":[{\"@type\":\"SearchAction\",\"target\":{\"@type\":\"EntryPoint\",\"urlTemplate\":\"https:\/\/magazine.zecchinon.com\/?s={search_term_string}\"},\"query-input\":{\"@type\":\"PropertyValueSpecification\",\"valueRequired\":true,\"valueName\":\"search_term_string\"}}],\"inLanguage\":\"fr-FR\"},{\"@type\":\"Organization\",\"@id\":\"https:\/\/magazine.zecchinon.com\/#organization\",\"name\":\"Zecchinon\",\"url\":\"https:\/\/magazine.zecchinon.com\/\",\"logo\":{\"@type\":\"ImageObject\",\"inLanguage\":\"fr-FR\",\"@id\":\"https:\/\/magazine.zecchinon.com\/#\/schema\/logo\/image\/\",\"url\":\"https:\/\/magazine.zecchinon.com\/wp-content\/uploads\/2025\/02\/favicon.png\",\"contentUrl\":\"https:\/\/magazine.zecchinon.com\/wp-content\/uploads\/2025\/02\/favicon.png\",\"width\":64,\"height\":64,\"caption\":\"Zecchinon\"},\"image\":{\"@id\":\"https:\/\/magazine.zecchinon.com\/#\/schema\/logo\/image\/\"}},{\"@type\":\"Person\",\"@id\":\"https:\/\/magazine.zecchinon.com\/#\/schema\/person\/84bbe5105102ea69698c5458b9303848\",\"name\":\"Valeria Garbo\",\"image\":{\"@type\":\"ImageObject\",\"inLanguage\":\"fr-FR\",\"@id\":\"https:\/\/magazine.zecchinon.com\/#\/schema\/person\/image\/\",\"url\":\"https:\/\/secure.gravatar.com\/avatar\/aa2f4b4c2a1176b2afa3e51dce7e01f88a37832ae877758df9dda9ba886cd626?s=96&d=mm&r=g\",\"contentUrl\":\"https:\/\/secure.gravatar.com\/avatar\/aa2f4b4c2a1176b2afa3e51dce7e01f88a37832ae877758df9dda9ba886cd626?s=96&d=mm&r=g\",\"caption\":\"Valeria Garbo\"},\"sameAs\":[\"https:\/\/www.accidiosav.com\"],\"url\":\"https:\/\/magazine.zecchinon.com\/fr\/author\/valeeee-g\/\"}]}<\/script>\n<!-- \/ Yoast SEO plugin. -->","yoast_head_json":{"title":"Une cuisine italienne avec vue sur Chicago - Magazine Zecchinon","description":"Une cuisine ouverte, sur mesure, avec \u00eelot et mat\u00e9riaux nobles. Inspiration pour une r\u00e9novation \u00e9l\u00e9gante au c\u0153ur d\u2019un appartement \u00e0 Chicago.","robots":{"index":"index","follow":"follow","max-snippet":"max-snippet:-1","max-image-preview":"max-image-preview:large","max-video-preview":"max-video-preview:-1"},"canonical":"https:\/\/magazine.zecchinon.com\/fr\/inspiration-fr\/interviews-fr\/une-cuisine-italienne-avec-vue-sur-chicago\/","og_locale":"fr_FR","og_type":"article","og_title":"Une cuisine italienne avec vue sur Chicago - Magazine Zecchinon","og_description":"Une cuisine ouverte, sur mesure, avec \u00eelot et mat\u00e9riaux nobles. Inspiration pour une r\u00e9novation \u00e9l\u00e9gante au c\u0153ur d\u2019un appartement \u00e0 Chicago.","og_url":"https:\/\/magazine.zecchinon.com\/fr\/inspiration-fr\/interviews-fr\/une-cuisine-italienne-avec-vue-sur-chicago\/","og_site_name":"Magazine Zecchinon","article_published_time":"2025-06-07T08:18:04+00:00","article_modified_time":"2026-01-14T10:41:31+00:00","og_image":[{"width":2000,"height":1331,"url":"https:\/\/magazine.zecchinon.com\/wp-content\/uploads\/2025\/05\/6-mod.jpg","type":"image\/jpeg"}],"author":"Valeria Garbo","twitter_card":"summary_large_image","twitter_misc":{"\u00c9crit par":"Valeria Garbo","Dur\u00e9e de lecture estim\u00e9e":"4 minutes"},"schema":{"@context":"https:\/\/schema.org","@graph":[{"@type":"Article","@id":"https:\/\/magazine.zecchinon.com\/fr\/inspiration-fr\/interviews-fr\/une-cuisine-italienne-avec-vue-sur-chicago\/#article","isPartOf":{"@id":"https:\/\/magazine.zecchinon.com\/fr\/inspiration-fr\/interviews-fr\/une-cuisine-italienne-avec-vue-sur-chicago\/"},"author":{"name":"Valeria Garbo","@id":"https:\/\/magazine.zecchinon.com\/#\/schema\/person\/84bbe5105102ea69698c5458b9303848"},"headline":"Une cuisine italienne avec vue sur Chicago","datePublished":"2025-06-07T08:18:04+00:00","dateModified":"2026-01-14T10:41:31+00:00","mainEntityOfPage":{"@id":"https:\/\/magazine.zecchinon.com\/fr\/inspiration-fr\/interviews-fr\/une-cuisine-italienne-avec-vue-sur-chicago\/"},"wordCount":675,"commentCount":0,"publisher":{"@id":"https:\/\/magazine.zecchinon.com\/#organization"},"image":{"@id":"https:\/\/magazine.zecchinon.com\/fr\/inspiration-fr\/interviews-fr\/une-cuisine-italienne-avec-vue-sur-chicago\/#primaryimage"},"thumbnailUrl":"https:\/\/magazine.zecchinon.com\/wp-content\/uploads\/2025\/05\/6-mod.jpg","keywords":["Bois","Cucina con isola","\u00c9tats-Unis d&#039;Am\u00e9rique","Featured","K105","Style contemporain"],"articleSection":["Inspiration","Interviews","Interviste","Ispirazione","Progetti","Projets"],"inLanguage":"fr-FR","potentialAction":[{"@type":"CommentAction","name":"Comment","target":["https:\/\/magazine.zecchinon.com\/fr\/inspiration-fr\/interviews-fr\/une-cuisine-italienne-avec-vue-sur-chicago\/#respond"]}]},{"@type":"WebPage","@id":"https:\/\/magazine.zecchinon.com\/fr\/inspiration-fr\/interviews-fr\/une-cuisine-italienne-avec-vue-sur-chicago\/","url":"https:\/\/magazine.zecchinon.com\/fr\/inspiration-fr\/interviews-fr\/une-cuisine-italienne-avec-vue-sur-chicago\/","name":"Une cuisine italienne avec vue sur Chicago - Magazine Zecchinon","isPartOf":{"@id":"https:\/\/magazine.zecchinon.com\/#website"},"primaryImageOfPage":{"@id":"https:\/\/magazine.zecchinon.com\/fr\/inspiration-fr\/interviews-fr\/une-cuisine-italienne-avec-vue-sur-chicago\/#primaryimage"},"image":{"@id":"https:\/\/magazine.zecchinon.com\/fr\/inspiration-fr\/interviews-fr\/une-cuisine-italienne-avec-vue-sur-chicago\/#primaryimage"},"thumbnailUrl":"https:\/\/magazine.zecchinon.com\/wp-content\/uploads\/2025\/05\/6-mod.jpg","datePublished":"2025-06-07T08:18:04+00:00","dateModified":"2026-01-14T10:41:31+00:00","description":"Une cuisine ouverte, sur mesure, avec \u00eelot et mat\u00e9riaux nobles. Inspiration pour une r\u00e9novation \u00e9l\u00e9gante au c\u0153ur d\u2019un appartement \u00e0 Chicago.","breadcrumb":{"@id":"https:\/\/magazine.zecchinon.com\/fr\/inspiration-fr\/interviews-fr\/une-cuisine-italienne-avec-vue-sur-chicago\/#breadcrumb"},"inLanguage":"fr-FR","potentialAction":[{"@type":"ReadAction","target":["https:\/\/magazine.zecchinon.com\/fr\/inspiration-fr\/interviews-fr\/une-cuisine-italienne-avec-vue-sur-chicago\/"]}]},{"@type":"ImageObject","inLanguage":"fr-FR","@id":"https:\/\/magazine.zecchinon.com\/fr\/inspiration-fr\/interviews-fr\/une-cuisine-italienne-avec-vue-sur-chicago\/#primaryimage","url":"https:\/\/magazine.zecchinon.com\/wp-content\/uploads\/2025\/05\/6-mod.jpg","contentUrl":"https:\/\/magazine.zecchinon.com\/wp-content\/uploads\/2025\/05\/6-mod.jpg","width":2000,"height":1331,"caption":"Design cucina italiana Zecchinon con penisola bianca e zona cottura attrezzata, realizzata da Archisesto in un contesto residenziale a Chicago"},{"@type":"BreadcrumbList","@id":"https:\/\/magazine.zecchinon.com\/fr\/inspiration-fr\/interviews-fr\/une-cuisine-italienne-avec-vue-sur-chicago\/#breadcrumb","itemListElement":[{"@type":"ListItem","position":1,"name":"Home","item":"https:\/\/magazine.zecchinon.com\/en\/"},{"@type":"ListItem","position":2,"name":"Une cuisine italienne avec vue sur Chicago"}]},{"@type":"WebSite","@id":"https:\/\/magazine.zecchinon.com\/#website","url":"https:\/\/magazine.zecchinon.com\/","name":"Magazine Zecchinon","description":"Your Kitchen. Live Every Moment.","publisher":{"@id":"https:\/\/magazine.zecchinon.com\/#organization"},"potentialAction":[{"@type":"SearchAction","target":{"@type":"EntryPoint","urlTemplate":"https:\/\/magazine.zecchinon.com\/?s={search_term_string}"},"query-input":{"@type":"PropertyValueSpecification","valueRequired":true,"valueName":"search_term_string"}}],"inLanguage":"fr-FR"},{"@type":"Organization","@id":"https:\/\/magazine.zecchinon.com\/#organization","name":"Zecchinon","url":"https:\/\/magazine.zecchinon.com\/","logo":{"@type":"ImageObject","inLanguage":"fr-FR","@id":"https:\/\/magazine.zecchinon.com\/#\/schema\/logo\/image\/","url":"https:\/\/magazine.zecchinon.com\/wp-content\/uploads\/2025\/02\/favicon.png","contentUrl":"https:\/\/magazine.zecchinon.com\/wp-content\/uploads\/2025\/02\/favicon.png","width":64,"height":64,"caption":"Zecchinon"},"image":{"@id":"https:\/\/magazine.zecchinon.com\/#\/schema\/logo\/image\/"}},{"@type":"Person","@id":"https:\/\/magazine.zecchinon.com\/#\/schema\/person\/84bbe5105102ea69698c5458b9303848","name":"Valeria Garbo","image":{"@type":"ImageObject","inLanguage":"fr-FR","@id":"https:\/\/magazine.zecchinon.com\/#\/schema\/person\/image\/","url":"https:\/\/secure.gravatar.com\/avatar\/aa2f4b4c2a1176b2afa3e51dce7e01f88a37832ae877758df9dda9ba886cd626?s=96&d=mm&r=g","contentUrl":"https:\/\/secure.gravatar.com\/avatar\/aa2f4b4c2a1176b2afa3e51dce7e01f88a37832ae877758df9dda9ba886cd626?s=96&d=mm&r=g","caption":"Valeria Garbo"},"sameAs":["https:\/\/www.accidiosav.com"],"url":"https:\/\/magazine.zecchinon.com\/fr\/author\/valeeee-g\/"}]}},"_links":{"self":[{"href":"https:\/\/magazine.zecchinon.com\/fr\/wp-json\/wp\/v2\/posts\/989043","targetHints":{"allow":["GET"]}}],"collection":[{"href":"https:\/\/magazine.zecchinon.com\/fr\/wp-json\/wp\/v2\/posts"}],"about":[{"href":"https:\/\/magazine.zecchinon.com\/fr\/wp-json\/wp\/v2\/types\/post"}],"author":[{"embeddable":true,"href":"https:\/\/magazine.zecchinon.com\/fr\/wp-json\/wp\/v2\/users\/2"}],"replies":[{"embeddable":true,"href":"https:\/\/magazine.zecchinon.com\/fr\/wp-json\/wp\/v2\/comments?post=989043"}],"version-history":[{"count":14,"href":"https:\/\/magazine.zecchinon.com\/fr\/wp-json\/wp\/v2\/posts\/989043\/revisions"}],"predecessor-version":[{"id":989782,"href":"https:\/\/magazine.zecchinon.com\/fr\/wp-json\/wp\/v2\/posts\/989043\/revisions\/989782"}],"wp:featuredmedia":[{"embeddable":true,"href":"https:\/\/magazine.zecchinon.com\/fr\/wp-json\/wp\/v2\/media\/988859"}],"wp:attachment":[{"href":"https:\/\/magazine.zecchinon.com\/fr\/wp-json\/wp\/v2\/media?parent=989043"}],"wp:term":[{"taxonomy":"category","embeddable":true,"href":"https:\/\/magazine.zecchinon.com\/fr\/wp-json\/wp\/v2\/categories?post=989043"},{"taxonomy":"post_tag","embeddable":true,"href":"https:\/\/magazine.zecchinon.com\/fr\/wp-json\/wp\/v2\/tags?post=989043"}],"curies":[{"name":"wp","href":"https:\/\/api.w.org\/{rel}","templated":true}]}}