{"id":991091,"date":"2026-09-01T14:04:52","date_gmt":"2026-09-01T12:04:52","guid":{"rendered":"https:\/\/magazine.zecchinon.com\/non-categorise\/cantinetta-vino-in-cucina-zona-vino\/"},"modified":"2026-09-01T14:37:19","modified_gmt":"2026-09-01T12:37:19","slug":"cave-a-vin-dans-la-cuisine-espace-vin","status":"publish","type":"post","link":"https:\/\/magazine.zecchinon.com\/fr\/design-fr\/solutions-fr\/cave-a-vin-dans-la-cuisine-espace-vin\/","title":{"rendered":"Le vin entre dans le projet : cr\u00e9er un espace d\u00e9di\u00e9 dans la cuisine"},"content":{"rendered":"\t\t<div data-elementor-type=\"wp-post\" data-elementor-id=\"991091\" class=\"elementor elementor-991091 elementor-991055\" data-elementor-post-type=\"post\">\n\t\t\t\t\t\t<section class=\"elementor-section elementor-top-section elementor-element elementor-element-64533486 elementor-section-stretched elementor-section-boxed elementor-section-height-default elementor-section-height-default\" data-id=\"64533486\" data-element_type=\"section\" data-settings=\"{&quot;stretch_section&quot;:&quot;section-stretched&quot;}\">\n\t\t\t\t\t\t<div class=\"elementor-container elementor-column-gap-no\">\n\t\t\t\t\t<div class=\"elementor-column elementor-col-100 elementor-top-column elementor-element elementor-element-7c3e6d20\" data-id=\"7c3e6d20\" data-element_type=\"column\">\n\t\t\t<div class=\"elementor-widget-wrap elementor-element-populated\">\n\t\t\t\t\t\t<div class=\"elementor-element elementor-element-1beb633c elementor-drop-cap-yes elementor-widget-mobile__width-inherit elementor-drop-cap-view-default elementor-widget elementor-widget-text-editor\" data-id=\"1beb633c\" data-element_type=\"widget\" data-settings=\"{&quot;drop_cap&quot;:&quot;yes&quot;}\" data-widget_type=\"text-editor.default\">\n\t\t\t\t<div class=\"elementor-widget-container\">\n\t\t\t\t\t\t\t\t\t<p>Le vin n\u2019entre pas dans la cuisine uniquement lorsqu\u2019il est servi \u00e0 table. Le choix de la bouteille, sa conservation, son ouverture et son service composent un petit rituel qui peut \u2014 et devrait \u2014 trouver une place pr\u00e9cise dans le projet.<\/p><p>La cave \u00e0 vin peut s\u2019int\u00e9grer aux meubles bas ou aux colonnes, s\u2019ouvrir vers l\u2019espace de vie ou dialoguer avec un plan d\u00e9di\u00e9 \u00e0 l\u2019ap\u00e9ritif. Elle n\u2019est pas un \u00e9l\u00e9ment ajout\u00e9 \u00e0 la composition, mais une v\u00e9ritable <a href=\"https:\/\/magazine.zecchinon.com\/fr\/design-fr\/triangle-travail-clusters-fonctionnels-cuisine-contemporaine\/?utm_source=magazine&amp;utm_medium=referral\" target=\"_blank\" rel=\"noopener\">workstation<\/a>, capable de transformer la mani\u00e8re de vivre la cuisine.<\/p>\t\t\t\t\t\t\t\t<\/div>\n\t\t\t\t<\/div>\n\t\t\t\t\t<\/div>\n\t\t<\/div>\n\t\t\t\t\t<\/div>\n\t\t<\/section>\n\t\t\t\t<section class=\"elementor-section elementor-top-section elementor-element elementor-element-4cce1562 elementor-section-stretched elementor-section-boxed elementor-section-height-default elementor-section-height-default\" data-id=\"4cce1562\" data-element_type=\"section\" data-settings=\"{&quot;stretch_section&quot;:&quot;section-stretched&quot;}\">\n\t\t\t\t\t\t<div class=\"elementor-container elementor-column-gap-no\">\n\t\t\t\t\t<div class=\"elementor-column elementor-col-100 elementor-top-column elementor-element elementor-element-21525c85\" data-id=\"21525c85\" data-element_type=\"column\">\n\t\t\t<div class=\"elementor-widget-wrap elementor-element-populated\">\n\t\t\t\t\t\t<div class=\"elementor-element elementor-element-d2484c3 elementor-toc--minimized-on-tablet elementor-widget elementor-widget-table-of-contents\" data-id=\"d2484c3\" data-element_type=\"widget\" data-settings=\"{&quot;headings_by_tags&quot;:[&quot;h2&quot;,&quot;h4&quot;],&quot;exclude_headings_by_selector&quot;:&quot;.mz-titolo-commenti,.mz-instagram&quot;,&quot;no_headings_message&quot;:&quot;Non sono state trovate intestazioni in questa pagina.&quot;,&quot;marker_view&quot;:&quot;numbers&quot;,&quot;minimize_box&quot;:&quot;yes&quot;,&quot;minimized_on&quot;:&quot;tablet&quot;,&quot;hierarchical_view&quot;:&quot;yes&quot;,&quot;min_height&quot;:{&quot;unit&quot;:&quot;px&quot;,&quot;size&quot;:&quot;&quot;,&quot;sizes&quot;:[]},&quot;min_height_tablet&quot;:{&quot;unit&quot;:&quot;px&quot;,&quot;size&quot;:&quot;&quot;,&quot;sizes&quot;:[]},&quot;min_height_mobile&quot;:{&quot;unit&quot;:&quot;px&quot;,&quot;size&quot;:&quot;&quot;,&quot;sizes&quot;:[]}}\" data-widget_type=\"table-of-contents.default\">\n\t\t\t\t<div class=\"elementor-widget-container\">\n\t\t\t\t\t\t\t<div class=\"elementor-toc__header\">\n\t\t\t<h4 class=\"elementor-toc__header-title\">\n\t\t\t\tA colpo d'occhio\t\t\t<\/h4>\n\t\t\t\t\t\t\t<div class=\"elementor-toc__toggle-button elementor-toc__toggle-button--expand\" role=\"button\" tabindex=\"0\" aria-controls=\"elementor-toc__d2484c3\" aria-expanded=\"true\" aria-label=\"Ouvrir la table des mati\u00e8res\"><i aria-hidden=\"true\" class=\"fas fa-chevron-down\"><\/i><\/div>\n\t\t\t\t<div class=\"elementor-toc__toggle-button elementor-toc__toggle-button--collapse\" role=\"button\" tabindex=\"0\" aria-controls=\"elementor-toc__d2484c3\" aria-expanded=\"true\" aria-label=\"Fermer la table des mati\u00e8res\"><i aria-hidden=\"true\" class=\"fas fa-chevron-up\"><\/i><\/div>\n\t\t\t\t\t<\/div>\n\t\t<div id=\"elementor-toc__d2484c3\" class=\"elementor-toc__body\">\n\t\t\t<div class=\"elementor-toc__spinner-container\">\n\t\t\t\t<i class=\"elementor-toc__spinner eicon-animation-spin eicon-loading\" aria-hidden=\"true\"><\/i>\t\t\t<\/div>\n\t\t<\/div>\n\t\t\t\t\t\t<\/div>\n\t\t\t\t<\/div>\n\t\t\t\t\t<\/div>\n\t\t<\/div>\n\t\t\t\t\t<\/div>\n\t\t<\/section>\n\t\t\t\t<section class=\"elementor-section elementor-top-section elementor-element elementor-element-3ea5892f elementor-section-stretched elementor-section-boxed elementor-section-height-default elementor-section-height-default\" data-id=\"3ea5892f\" data-element_type=\"section\" data-settings=\"{&quot;stretch_section&quot;:&quot;section-stretched&quot;}\">\n\t\t\t\t\t\t<div class=\"elementor-container elementor-column-gap-no\">\n\t\t\t\t\t<div class=\"elementor-column elementor-col-100 elementor-top-column elementor-element elementor-element-239c1453\" data-id=\"239c1453\" data-element_type=\"column\">\n\t\t\t<div class=\"elementor-widget-wrap elementor-element-populated\">\n\t\t\t\t\t\t<div class=\"elementor-element elementor-element-fb86b06 elementor-widget elementor-widget-heading\" data-id=\"fb86b06\" data-element_type=\"widget\" data-widget_type=\"heading.default\">\n\t\t\t\t<div class=\"elementor-widget-container\">\n\t\t\t\t\t<h2 class=\"elementor-heading-title elementor-size-default\">De la conservation \u00e0 une nouvelle mani\u00e8re de vivre la cuisine<\/h2>\t\t\t\t<\/div>\n\t\t\t\t<\/div>\n\t\t\t\t<div class=\"elementor-element elementor-element-34e68575 elementor-widget__width-inherit elementor-widget elementor-widget-text-editor\" data-id=\"34e68575\" data-element_type=\"widget\" data-widget_type=\"text-editor.default\">\n\t\t\t\t<div class=\"elementor-widget-container\">\n\t\t\t\t\t\t\t\t\t<p>La cuisine contemporaine accueille des moments diff\u00e9rents, qui ne se limitent plus \u00e0 la pr\u00e9paration des repas. C\u2019est l\u2019espace du caf\u00e9 du matin, d\u2019une conversation pendant que l\u2019on cuisine, d\u2019un verre partag\u00e9 avant le d\u00eener.<\/p><p>Concevoir un espace d\u00e9di\u00e9 au vin, c\u2019est donner forme \u00e0 l\u2019un de ces moments en r\u00e9unissant au m\u00eame endroit bouteilles, verres, accessoires et une surface libre pour le service. Un principe que la cuisine contemporaine partage avec l\u2019univers de l\u2019<a href=\"https:\/\/magazine.zecchinon.com\/fr\/inspiration-fr\/hotellerie-luxe-cuisine-haut-de-gamme\/?utm_source=magazine&amp;utm_medium=referral\" target=\"_blank\" rel=\"noopener\">h\u00f4tellerie haut de gamme<\/a>, o\u00f9 chaque fonction s\u2019organise autour du geste et s\u2019int\u00e8gre \u00e0 l\u2019architecture de l\u2019espace.<\/p><p>La solution peut rester essentielle, avec une cave \u00e0 vin encastrable install\u00e9e sous le plan de travail, ou se d\u00e9velopper dans une composition plus articul\u00e9e. <strong>Le point de d\u00e9part reste toujours le m\u00eame : comprendre non seulement ce qu\u2019il faut int\u00e9grer, mais aussi la mani\u00e8re dont l\u2019espace sera utilis\u00e9.<\/strong><\/p>\t\t\t\t\t\t\t\t<\/div>\n\t\t\t\t<\/div>\n\t\t\t\t\t<\/div>\n\t\t<\/div>\n\t\t\t\t\t<\/div>\n\t\t<\/section>\n\t\t\t\t<section class=\"elementor-section elementor-top-section elementor-element elementor-element-cd087fb elementor-section-stretched elementor-section-boxed elementor-section-height-default elementor-section-height-default\" data-id=\"cd087fb\" data-element_type=\"section\" data-settings=\"{&quot;stretch_section&quot;:&quot;section-stretched&quot;}\">\n\t\t\t\t\t\t<div class=\"elementor-container elementor-column-gap-no\">\n\t\t\t\t\t<div class=\"elementor-column elementor-col-100 elementor-top-column elementor-element elementor-element-f7cf1f1\" data-id=\"f7cf1f1\" data-element_type=\"column\">\n\t\t\t<div class=\"elementor-widget-wrap elementor-element-populated\">\n\t\t\t\t\t\t<div class=\"vamtam-has-theme-widget-styles elementor-element elementor-element-5f54444 elementor-widget elementor-widget-image\" data-id=\"5f54444\" data-element_type=\"widget\" data-widget_type=\"image.default\">\n\t\t\t\t<div class=\"elementor-widget-container\">\n\t\t\t\t\t\t\t\t\t<div class=\"elementor-image\">\n\t\t\t\t\t\t\t\t\t\t\t\t\t\t\t\t\t\t\t\t\t<img fetchpriority=\"high\" decoding=\"async\" width=\"1024\" height=\"683\" src=\"https:\/\/magazine.zecchinon.com\/wp-content\/uploads\/2026\/09\/ZCN_T80_01_dett_colonne-1024x683.jpg\" class=\"attachment-large size-large wp-image-991071\" alt=\"Cuisine Zecchinon en mat\u00e9riau technique fonc\u00e9, avec un compartiment ouvert agr\u00e9ment\u00e9 d&#039;inserts en bois, un four et une cave \u00e0 vin apparente\" srcset=\"https:\/\/magazine.zecchinon.com\/wp-content\/uploads\/2026\/09\/ZCN_T80_01_dett_colonne-1024x683.jpg 1024w, https:\/\/magazine.zecchinon.com\/wp-content\/uploads\/2026\/09\/ZCN_T80_01_dett_colonne-300x200.jpg 300w, https:\/\/magazine.zecchinon.com\/wp-content\/uploads\/2026\/09\/ZCN_T80_01_dett_colonne-768x512.jpg 768w, https:\/\/magazine.zecchinon.com\/wp-content\/uploads\/2026\/09\/ZCN_T80_01_dett_colonne.jpg 1500w\" sizes=\"(max-width: 1024px) 100vw, 1024px\" \/>\t\t\t\t\t\t\t\t\t\t\t\t\t\t\t\t\t\t\t\t\t\t\t\t<\/div>\n\t\t\t\t\t\t\t\t<\/div>\n\t\t\t\t<\/div>\n\t\t\t\t\t<\/div>\n\t\t<\/div>\n\t\t\t\t\t<\/div>\n\t\t<\/section>\n\t\t\t\t<section class=\"elementor-section elementor-top-section elementor-element elementor-element-6dbd121 elementor-section-stretched elementor-section-boxed elementor-section-height-default elementor-section-height-default\" data-id=\"6dbd121\" data-element_type=\"section\" data-settings=\"{&quot;stretch_section&quot;:&quot;section-stretched&quot;}\">\n\t\t\t\t\t\t<div class=\"elementor-container elementor-column-gap-no\">\n\t\t\t\t\t<div class=\"elementor-column elementor-col-100 elementor-top-column elementor-element elementor-element-855e54c\" data-id=\"855e54c\" data-element_type=\"column\">\n\t\t\t<div class=\"elementor-widget-wrap elementor-element-populated\">\n\t\t\t\t\t\t<div class=\"elementor-element elementor-element-f5d80c3 elementor-widget elementor-widget-heading\" data-id=\"f5d80c3\" data-element_type=\"widget\" data-widget_type=\"heading.default\">\n\t\t\t\t<div class=\"elementor-widget-container\">\n\t\t\t\t\t<h2 class=\"elementor-heading-title elementor-size-default\">Cave \u00e0 vin encastrable ou porte-bouteilles int\u00e9gr\u00e9 ?<\/h2>\t\t\t\t<\/div>\n\t\t\t\t<\/div>\n\t\t\t\t<div class=\"elementor-element elementor-element-e04b7b2 elementor-widget__width-inherit elementor-widget elementor-widget-text-editor\" data-id=\"e04b7b2\" data-element_type=\"widget\" data-widget_type=\"text-editor.default\">\n\t\t\t\t<div class=\"elementor-widget-container\">\n\t\t\t\t\t\t\t\t\t<p>La cave \u00e0 vin r\u00e9frig\u00e9r\u00e9e et le porte-bouteilles r\u00e9pondent \u00e0 des besoins diff\u00e9rents.<\/p><p>La <strong>cave \u00e0 vin encastrable<\/strong> permet de conserver les bouteilles dans des conditions contr\u00f4l\u00e9es et de les maintenir \u00e0 la temp\u00e9rature la plus adapt\u00e9e au service.<\/p><p>Le <strong>porte-bouteilles int\u00e9gr\u00e9<\/strong> propose une approche plus imm\u00e9diate de la conservation. Il peut accueillir une s\u00e9lection limit\u00e9e de bouteilles ou devenir un \u00e9l\u00e9ment visible de la composition gr\u00e2ce \u00e0 une niche ouverte, un module coulissant ou un s\u00e9parateur int\u00e9rieur.<\/p><p>Les deux solutions peuvent \u00e9galement coexister. La cave \u00e0 vin pr\u00e9serve les vins qui exigent des conditions pr\u00e9cises ; le porte-bouteilles garde \u00e0 port\u00e9e de main les bouteilles destin\u00e9es \u00e0 une consommation plus fr\u00e9quente ou \u00e0 une occasion prochaine.<\/p>\t\t\t\t\t\t\t\t<\/div>\n\t\t\t\t<\/div>\n\t\t\t\t<div class=\"elementor-element elementor-element-865c282 elementor-widget__width-inherit elementor-widget elementor-widget-text-editor\" data-id=\"865c282\" data-element_type=\"widget\" data-widget_type=\"text-editor.default\">\n\t\t\t\t<div class=\"elementor-widget-container\">\n\t\t\t\t\t\t\t\t\t<table><tbody><tr><td width=\"151\"><p><strong>Solution<\/strong><\/p><\/td><td width=\"242\"><p><strong>Besoin principal<\/strong><\/p><\/td><td width=\"193\"><p><strong>Int\u00e9gration possible<\/strong><\/p><\/td><\/tr><tr><td width=\"151\"><p><strong>Cave \u00e0 vin encastrable<\/strong><\/p><\/td><td width=\"242\"><p>Conserver le vin \u00e0 temp\u00e9rature contr\u00f4l\u00e9e<\/p><\/td><td width=\"193\"><p>Meubles bas, \u00eelot ou colonnes<\/p><\/td><\/tr><tr><td width=\"151\"><p><strong>Porte-bouteilles ouvert<\/strong><\/p><\/td><td width=\"242\"><p>Accueillir et exposer une s\u00e9lection limit\u00e9e<\/p><\/td><td width=\"193\"><p>Niches, boiseries ou modules ouverts<\/p><\/td><\/tr><tr><td width=\"151\"><p><strong>Module coulissant<\/strong><\/p><\/td><td width=\"242\"><p>Optimiser un espace compact tout en pr\u00e9servant l\u2019ordre visuel<\/p><\/td><td width=\"193\"><p>Meubles bas ou colonnes<\/p><\/td><\/tr><tr><td width=\"151\"><p><strong>Espace vin \u00e9quip\u00e9<\/strong><\/p><\/td><td width=\"242\"><p>R\u00e9unir conservation, accessoires et service<\/p><\/td><td width=\"193\"><p>Paroi am\u00e9nag\u00e9e ou zone de transition vers l\u2019espace de vie<\/p><\/td><\/tr><\/tbody><\/table>\t\t\t\t\t\t\t\t<\/div>\n\t\t\t\t<\/div>\n\t\t\t\t\t<\/div>\n\t\t<\/div>\n\t\t\t\t\t<\/div>\n\t\t<\/section>\n\t\t\t\t<section class=\"elementor-section elementor-top-section elementor-element elementor-element-a64573c elementor-section-stretched elementor-section-boxed elementor-section-height-default elementor-section-height-default\" data-id=\"a64573c\" data-element_type=\"section\" data-settings=\"{&quot;stretch_section&quot;:&quot;section-stretched&quot;}\">\n\t\t\t\t\t\t<div class=\"elementor-container elementor-column-gap-no\">\n\t\t\t\t\t<div class=\"elementor-column elementor-col-100 elementor-top-column elementor-element elementor-element-cafdea5\" data-id=\"cafdea5\" data-element_type=\"column\">\n\t\t\t<div class=\"elementor-widget-wrap elementor-element-populated\">\n\t\t\t\t\t\t<div class=\"elementor-element elementor-element-cb1fb14 elementor-widget elementor-widget-heading\" data-id=\"cb1fb14\" data-element_type=\"widget\" data-widget_type=\"heading.default\">\n\t\t\t\t<div class=\"elementor-widget-container\">\n\t\t\t\t\t<h2 class=\"elementor-heading-title elementor-size-default\">O\u00f9 installer la cave \u00e0 vin dans la cuisine<\/h2>\t\t\t\t<\/div>\n\t\t\t\t<\/div>\n\t\t\t\t<div class=\"elementor-element elementor-element-bbc7b77 elementor-widget elementor-widget-text-editor\" data-id=\"bbc7b77\" data-element_type=\"widget\" data-widget_type=\"text-editor.default\">\n\t\t\t\t<div class=\"elementor-widget-container\">\n\t\t\t\t\t\t\t\t\t<p>La position de la cave \u00e0 vin influence l\u2019esth\u00e9tique de la composition, mais surtout la fluidit\u00e9 des mouvements.<\/p><p>L\u2019installer dans l\u2019espace rest\u00e9 disponible \u00e0 la fin du projet conduit rarement au meilleur r\u00e9sultat. Il est pr\u00e9f\u00e9rable de l\u2019int\u00e9grer \u00e0 la r\u00e9flexion d\u00e8s le d\u00e9part, en \u00e9valuant sa relation avec la zone de travail, les circulations et l\u2019endroit o\u00f9 s\u2019effectue le service.<\/p>\t\t\t\t\t\t\t\t<\/div>\n\t\t\t\t<\/div>\n\t\t\t\t<div class=\"vamtam-has-theme-widget-styles elementor-element elementor-element-7b4bca3 elementor-widget elementor-widget-image\" data-id=\"7b4bca3\" data-element_type=\"widget\" data-widget_type=\"image.default\">\n\t\t\t\t<div class=\"elementor-widget-container\">\n\t\t\t\t\t\t\t\t\t<div class=\"elementor-image\">\n\t\t\t\t\t\t\t\t\t\t\t\t\t\t\t\t\t\t\t\t\t<img decoding=\"async\" width=\"820\" height=\"1000\" src=\"https:\/\/magazine.zecchinon.com\/wp-content\/uploads\/2026\/09\/ZCN_COMP_02_T80_dett_colonne_aperte.jpg\" class=\"attachment-large size-large wp-image-991065\" alt=\"Cuisine Zecchinon en bois avec poste de travail escamotable, plan de travail et cave \u00e0 vin en dessous\" srcset=\"https:\/\/magazine.zecchinon.com\/wp-content\/uploads\/2026\/09\/ZCN_COMP_02_T80_dett_colonne_aperte.jpg 820w, https:\/\/magazine.zecchinon.com\/wp-content\/uploads\/2026\/09\/ZCN_COMP_02_T80_dett_colonne_aperte-246x300.jpg 246w, https:\/\/magazine.zecchinon.com\/wp-content\/uploads\/2026\/09\/ZCN_COMP_02_T80_dett_colonne_aperte-768x937.jpg 768w\" sizes=\"(max-width: 820px) 100vw, 820px\" \/>\t\t\t\t\t\t\t\t\t\t\t\t\t\t\t\t\t\t\t\t\t\t\t\t<\/div>\n\t\t\t\t\t\t\t\t<\/div>\n\t\t\t\t<\/div>\n\t\t\t\t<div class=\"elementor-element elementor-element-bcfe3a4 elementor-widget elementor-widget-heading\" data-id=\"bcfe3a4\" data-element_type=\"widget\" data-widget_type=\"heading.default\">\n\t\t\t\t<div class=\"elementor-widget-container\">\n\t\t\t\t\t<h3 class=\"elementor-heading-title elementor-size-default\">Sous le plan de travail<\/h3>\t\t\t\t<\/div>\n\t\t\t\t<\/div>\n\t\t\t\t<div class=\"elementor-element elementor-element-29e6f28 elementor-widget elementor-widget-text-editor\" data-id=\"29e6f28\" data-element_type=\"widget\" data-widget_type=\"text-editor.default\">\n\t\t\t\t<div class=\"elementor-widget-container\">\n\t\t\t\t\t\t\t\t\t<p>Int\u00e9gr\u00e9e aux meubles bas, la cave \u00e0 vin conserve une pr\u00e9sence discr\u00e8te sans interrompre la continuit\u00e9 du plan de travail. La proximit\u00e9 d\u2019une surface libre permet de poser la bouteille, de l\u2019ouvrir et de pr\u00e9parer les verres sans occuper la zone d\u00e9di\u00e9e \u00e0 la cuisson.<\/p><p>C\u2019est \u00e9galement une solution adapt\u00e9e aux cuisines les plus compactes.<\/p>\t\t\t\t\t\t\t\t<\/div>\n\t\t\t\t<\/div>\n\t\t\t\t<div class=\"elementor-element elementor-element-45faa4e elementor-widget elementor-widget-heading\" data-id=\"45faa4e\" data-element_type=\"widget\" data-widget_type=\"heading.default\">\n\t\t\t\t<div class=\"elementor-widget-container\">\n\t\t\t\t\t<h3 class=\"elementor-heading-title elementor-size-default\">Dans l\u2019\u00eelot ou la p\u00e9ninsule<\/h3>\t\t\t\t<\/div>\n\t\t\t\t<\/div>\n\t\t\t\t<div class=\"elementor-element elementor-element-a34641a elementor-widget elementor-widget-text-editor\" data-id=\"a34641a\" data-element_type=\"widget\" data-widget_type=\"text-editor.default\">\n\t\t\t\t<div class=\"elementor-widget-container\">\n\t\t\t\t\t\t\t\t\t<p>Lorsque l\u2019\u00eelot devient le centre de la convivialit\u00e9, la cave \u00e0 vin peut \u00eatre plac\u00e9e du c\u00f4t\u00e9 orient\u00e9 vers le salon ou la salle \u00e0 manger. Les bouteilles restent ainsi accessibles m\u00eame lorsque la partie op\u00e9rationnelle de la cuisine est utilis\u00e9e.<\/p><p>Associ\u00e9e \u00e0 un plan snack, la fonction devient encore plus imm\u00e9diate, puisque conservation et service se rencontrent dans un m\u00eame volume.<\/p>\t\t\t\t\t\t\t\t<\/div>\n\t\t\t\t<\/div>\n\t\t\t\t<div class=\"vamtam-has-theme-widget-styles elementor-element elementor-element-635b4af elementor-widget elementor-widget-image\" data-id=\"635b4af\" data-element_type=\"widget\" data-widget_type=\"image.default\">\n\t\t\t\t<div class=\"elementor-widget-container\">\n\t\t\t\t\t\t\t\t\t<div class=\"elementor-image\">\n\t\t\t\t\t\t\t\t\t\t\t\t\t\t\t\t\t\t\t\t\t<img decoding=\"async\" width=\"700\" height=\"1000\" src=\"https:\/\/magazine.zecchinon.com\/wp-content\/uploads\/2026\/09\/ZCN_Frame15_COMP_01_colonne.jpg\" class=\"attachment-large size-large wp-image-991068\" alt=\"Armoires de cuisine pleine hauteur en mat\u00e9riau technique clair, avec cave \u00e0 vin int\u00e9gr\u00e9e et deux fours\" srcset=\"https:\/\/magazine.zecchinon.com\/wp-content\/uploads\/2026\/09\/ZCN_Frame15_COMP_01_colonne.jpg 700w, https:\/\/magazine.zecchinon.com\/wp-content\/uploads\/2026\/09\/ZCN_Frame15_COMP_01_colonne-210x300.jpg 210w\" sizes=\"(max-width: 700px) 100vw, 700px\" \/>\t\t\t\t\t\t\t\t\t\t\t\t\t\t\t\t\t\t\t\t\t\t\t\t<\/div>\n\t\t\t\t\t\t\t\t<\/div>\n\t\t\t\t<\/div>\n\t\t\t\t<div class=\"elementor-element elementor-element-bbafbab elementor-widget elementor-widget-heading\" data-id=\"bbafbab\" data-element_type=\"widget\" data-widget_type=\"heading.default\">\n\t\t\t\t<div class=\"elementor-widget-container\">\n\t\t\t\t\t<h3 class=\"elementor-heading-title elementor-size-default\">Int\u00e9gr\u00e9e aux colonnes<\/h3>\t\t\t\t<\/div>\n\t\t\t\t<\/div>\n\t\t\t\t<div class=\"elementor-element elementor-element-1b8c692 elementor-widget elementor-widget-text-editor\" data-id=\"1b8c692\" data-element_type=\"widget\" data-widget_type=\"text-editor.default\">\n\t\t\t\t<div class=\"elementor-widget-container\">\n\t\t\t\t\t\t\t\t\t<p>La fa\u00e7ade vitr\u00e9e peut dialoguer avec les fours et les autres appareils \u00e9lectrom\u00e9nagers, tandis qu\u2019une position sur\u00e9lev\u00e9e facilite la lecture des \u00e9tiquettes et l\u2019acc\u00e8s aux clayettes.<\/p><p>Dans ce cas, le r\u00e9sultat d\u00e9pend de l\u2019\u00e9quilibre entre proportions et alignements ; la cave \u00e0 vin ne devrait pas appara\u00eetre comme un volume isol\u00e9, mais s\u2019inscrire dans le rythme g\u00e9n\u00e9ral de la paroi.<\/p>\t\t\t\t\t\t\t\t<\/div>\n\t\t\t\t<\/div>\n\t\t\t\t<div class=\"elementor-element elementor-element-9f6d2f7 elementor-widget elementor-widget-heading\" data-id=\"9f6d2f7\" data-element_type=\"widget\" data-widget_type=\"heading.default\">\n\t\t\t\t<div class=\"elementor-widget-container\">\n\t\t\t\t\t<h3 class=\"elementor-heading-title elementor-size-default\">Entre cuisine et espace de vie<\/h3>\t\t\t\t<\/div>\n\t\t\t\t<\/div>\n\t\t\t\t<div class=\"elementor-element elementor-element-98d04dd elementor-widget elementor-widget-text-editor\" data-id=\"98d04dd\" data-element_type=\"widget\" data-widget_type=\"text-editor.default\">\n\t\t\t\t<div class=\"elementor-widget-container\">\n\t\t\t\t\t\t\t\t\t<p>Une boiserie \u00e9quip\u00e9e, une niche ou un meuble double face permettent de prolonger le langage de la cuisine vers le s\u00e9jour, tout en maintenant une continuit\u00e9 entre les deux espaces.<\/p><p>La fonction \u00e9volue selon le point de vue : rangement et support op\u00e9rationnel c\u00f4t\u00e9 cuisine, espace d\u00e9di\u00e9 au service et \u00e0 l\u2019accueil c\u00f4t\u00e9 s\u00e9jour. L\u2019espace vin accompagne ainsi diff\u00e9rentes mani\u00e8res de vivre un m\u00eame environnement.<\/p>\t\t\t\t\t\t\t\t<\/div>\n\t\t\t\t<\/div>\n\t\t\t\t\t<\/div>\n\t\t<\/div>\n\t\t\t\t\t<\/div>\n\t\t<\/section>\n\t\t\t\t<section class=\"elementor-section elementor-top-section elementor-element elementor-element-94ef085 elementor-section-stretched elementor-section-boxed elementor-section-height-default elementor-section-height-default\" data-id=\"94ef085\" data-element_type=\"section\" data-settings=\"{&quot;stretch_section&quot;:&quot;section-stretched&quot;}\">\n\t\t\t\t\t\t<div class=\"elementor-container elementor-column-gap-no\">\n\t\t\t\t\t<div class=\"elementor-column elementor-col-100 elementor-top-column elementor-element elementor-element-0a923b0\" data-id=\"0a923b0\" data-element_type=\"column\">\n\t\t\t<div class=\"elementor-widget-wrap elementor-element-populated\">\n\t\t\t\t\t\t<div class=\"vamtam-has-theme-widget-styles elementor-element elementor-element-e1f046f elementor-widget elementor-widget-image\" data-id=\"e1f046f\" data-element_type=\"widget\" data-widget_type=\"image.default\">\n\t\t\t\t<div class=\"elementor-widget-container\">\n\t\t\t\t\t\t\t\t\t<div class=\"elementor-image\">\n\t\t\t\t\t\t\t\t\t\t\t\t\t\t\t\t\t\t\t\t\t<img loading=\"lazy\" decoding=\"async\" width=\"1024\" height=\"683\" src=\"https:\/\/magazine.zecchinon.com\/wp-content\/uploads\/2026\/09\/ZCN_Isabel_01_dett_thai-1024x683.jpg\" class=\"attachment-large size-large wp-image-991077\" alt=\"Cuisine Zecchinon en mat\u00e9riau technique clair, avec compartiment ouvert et cave \u00e0 vin\" srcset=\"https:\/\/magazine.zecchinon.com\/wp-content\/uploads\/2026\/09\/ZCN_Isabel_01_dett_thai-1024x683.jpg 1024w, https:\/\/magazine.zecchinon.com\/wp-content\/uploads\/2026\/09\/ZCN_Isabel_01_dett_thai-300x200.jpg 300w, https:\/\/magazine.zecchinon.com\/wp-content\/uploads\/2026\/09\/ZCN_Isabel_01_dett_thai-768x512.jpg 768w, https:\/\/magazine.zecchinon.com\/wp-content\/uploads\/2026\/09\/ZCN_Isabel_01_dett_thai.jpg 1500w\" sizes=\"(max-width: 1024px) 100vw, 1024px\" \/>\t\t\t\t\t\t\t\t\t\t\t\t\t\t\t\t\t\t\t\t\t\t\t\t<\/div>\n\t\t\t\t\t\t\t\t<\/div>\n\t\t\t\t<\/div>\n\t\t\t\t\t<\/div>\n\t\t<\/div>\n\t\t\t\t\t<\/div>\n\t\t<\/section>\n\t\t\t\t<section class=\"elementor-section elementor-top-section elementor-element elementor-element-558e1e6 elementor-section-stretched elementor-section-boxed elementor-section-height-default elementor-section-height-default\" data-id=\"558e1e6\" data-element_type=\"section\" data-settings=\"{&quot;stretch_section&quot;:&quot;section-stretched&quot;}\">\n\t\t\t\t\t\t<div class=\"elementor-container elementor-column-gap-no\">\n\t\t\t\t\t<div class=\"elementor-column elementor-col-100 elementor-top-column elementor-element elementor-element-a847dee\" data-id=\"a847dee\" data-element_type=\"column\">\n\t\t\t<div class=\"elementor-widget-wrap elementor-element-populated\">\n\t\t\t\t\t\t<div class=\"elementor-element elementor-element-6ce2912 elementor-widget elementor-widget-heading\" data-id=\"6ce2912\" data-element_type=\"widget\" data-widget_type=\"heading.default\">\n\t\t\t\t<div class=\"elementor-widget-container\">\n\t\t\t\t\t<h2 class=\"elementor-heading-title elementor-size-default\">Visible, dissimul\u00e9e ou int\u00e9gr\u00e9e \u00e0 la composition<\/h2>\t\t\t\t<\/div>\n\t\t\t\t<\/div>\n\t\t\t\t<div class=\"elementor-element elementor-element-04ff6bb elementor-widget__width-inherit elementor-widget elementor-widget-text-editor\" data-id=\"04ff6bb\" data-element_type=\"widget\" data-widget_type=\"text-editor.default\">\n\t\t\t\t<div class=\"elementor-widget-container\">\n\t\t\t\t\t\t\t\t\t<p>Tous les espaces vin ne doivent pas avoir la m\u00eame pr\u00e9sence visuelle. Leur caract\u00e8re d\u00e9pend du r\u00f4le qu\u2019ils occupent dans l\u2019environnement.<\/p><p>Une solution visible convient particuli\u00e8rement aux cuisines qui dialoguent ouvertement avec le s\u00e9jour et jouent \u00e9galement un r\u00f4le de repr\u00e9sentation.<\/p><p>Un espace vin dissimul\u00e9 permet au contraire de pr\u00e9server l\u2019essentiel de la composition lorsqu\u2019il n\u2019est pas utilis\u00e9.<\/p><p>Entre ces deux possibilit\u00e9s existent des configurations plus discr\u00e8tes : une cave \u00e0 vin align\u00e9e avec les autres appareils \u00e9lectrom\u00e9nagers, un module ouvert int\u00e9gr\u00e9 \u00e0 la boiserie ou un porte-bouteilles qui vient ponctuer avec mesure la continuit\u00e9 des fa\u00e7ades.<\/p>\t\t\t\t\t\t\t\t<\/div>\n\t\t\t\t<\/div>\n\t\t\t\t\t<\/div>\n\t\t<\/div>\n\t\t\t\t\t<\/div>\n\t\t<\/section>\n\t\t\t\t<section class=\"elementor-section elementor-top-section elementor-element elementor-element-b22bf11 elementor-section-stretched elementor-section-boxed elementor-section-height-default elementor-section-height-default\" data-id=\"b22bf11\" data-element_type=\"section\" data-settings=\"{&quot;stretch_section&quot;:&quot;section-stretched&quot;}\">\n\t\t\t\t\t\t<div class=\"elementor-container elementor-column-gap-no\">\n\t\t\t\t\t<div class=\"elementor-column elementor-col-100 elementor-top-column elementor-element elementor-element-0ff25f8\" data-id=\"0ff25f8\" data-element_type=\"column\">\n\t\t\t<div class=\"elementor-widget-wrap elementor-element-populated\">\n\t\t\t\t\t\t<div class=\"elementor-element elementor-element-8065947 elementor-widget elementor-widget-heading\" data-id=\"8065947\" data-element_type=\"widget\" data-widget_type=\"heading.default\">\n\t\t\t\t<div class=\"elementor-widget-container\">\n\t\t\t\t\t<h2 class=\"elementor-heading-title elementor-size-default\">Les aspects techniques \u00e0 d\u00e9finir d\u00e8s la conception<\/h2>\t\t\t\t<\/div>\n\t\t\t\t<\/div>\n\t\t\t\t<div class=\"elementor-element elementor-element-a86f824 elementor-widget elementor-widget-text-editor\" data-id=\"a86f824\" data-element_type=\"widget\" data-widget_type=\"text-editor.default\">\n\t\t\t\t<div class=\"elementor-widget-container\">\n\t\t\t\t\t\t\t\t\t<p>L\u2019int\u00e9gration d\u2019une cave \u00e0 vin exige des v\u00e9rifications pr\u00e9cises. Les dimensions de la niche, le syst\u00e8me de ventilation, le raccordement \u00e9lectrique, le sens d\u2019ouverture de la porte et l\u2019espace n\u00e9cessaire \u00e0 l\u2019extraction des clayettes varient selon le mod\u00e8le choisi.<\/p><p>La distance par rapport aux sources de chaleur, l\u2019exposition directe \u00e0 la lumi\u00e8re et les indications du fabricant concernant l\u2019installation doivent \u00e9galement \u00eatre prises en compte. <strong>Peu visibles dans le r\u00e9sultat final, ces aspects sont pourtant d\u00e9terminants pour le bon fonctionnement de l\u2019appareil et la qualit\u00e9 de conservation du vin.<\/strong><\/p>\t\t\t\t\t\t\t\t<\/div>\n\t\t\t\t<\/div>\n\t\t\t\t\t<\/div>\n\t\t<\/div>\n\t\t\t\t\t<\/div>\n\t\t<\/section>\n\t\t\t\t<section class=\"elementor-section elementor-top-section elementor-element elementor-element-099edd7 elementor-section-stretched elementor-section-boxed elementor-section-height-default elementor-section-height-default\" data-id=\"099edd7\" data-element_type=\"section\" data-settings=\"{&quot;stretch_section&quot;:&quot;section-stretched&quot;}\">\n\t\t\t\t\t\t<div class=\"elementor-container elementor-column-gap-no\">\n\t\t\t\t\t<div class=\"elementor-column elementor-col-100 elementor-top-column elementor-element elementor-element-de50167\" data-id=\"de50167\" data-element_type=\"column\">\n\t\t\t<div class=\"elementor-widget-wrap elementor-element-populated\">\n\t\t\t\t\t\t<div class=\"elementor-element elementor-element-67dbb56 elementor-widget elementor-widget-heading\" data-id=\"67dbb56\" data-element_type=\"widget\" data-widget_type=\"heading.default\">\n\t\t\t\t<div class=\"elementor-widget-container\">\n\t\t\t\t\t<h2 class=\"elementor-heading-title elementor-size-default\">Un espace personnel, \u00e0 vivre au quotidien<\/h2>\t\t\t\t<\/div>\n\t\t\t\t<\/div>\n\t\t\t\t<div class=\"elementor-element elementor-element-5c9fc9c elementor-widget elementor-widget-text-editor\" data-id=\"5c9fc9c\" data-element_type=\"widget\" data-widget_type=\"text-editor.default\">\n\t\t\t\t<div class=\"elementor-widget-container\">\n\t\t\t\t\t\t\t\t\t<p>Il n\u2019est pas n\u00e9cessaire de disposer d\u2019une grande cuisine pour cr\u00e9er un espace d\u00e9di\u00e9 au vin. Dans un environnement compact, une cave \u00e0 vin sous plan, un tiroir pour les accessoires et une surface proche pour le service peuvent suffire. Dans un espace plus g\u00e9n\u00e9reux, le m\u00eame rituel peut prendre forme \u00e0 travers des colonnes \u00e9quip\u00e9es, des vitrines, des boiseries et des volumes ouverts vers le s\u00e9jour.<\/p><p>Les dimensions changent, mais la logique reste la m\u00eame : partir des habitudes et les traduire en une solution de projet pr\u00e9cise.<\/p>\t\t\t\t\t\t\t\t<\/div>\n\t\t\t\t<\/div>\n\t\t\t\t\t<\/div>\n\t\t<\/div>\n\t\t\t\t\t<\/div>\n\t\t<\/section>\n\t\t\t\t<\/div>\n\t\t","protected":false},"excerpt":{"rendered":"<p>D\u00e9couvrez comment concevoir un espace d\u00e9di\u00e9 au vin dans la cuisine, en int\u00e9grant cave \u00e0 vin, porte-bouteilles et espaces de service selon les habitudes, l\u2019espace disponible et le style.<\/p>\n","protected":false},"author":2,"featured_media":991062,"comment_status":"open","ping_status":"open","sticky":false,"template":"","format":"standard","meta":{"inline_featured_image":false,"footnotes":""},"categories":[144,150],"tags":[171,220,223,165],"class_list":["post-991091","post","type-post","status-publish","format-standard","has-post-thumbnail","hentry","category-design-fr","category-solutions-fr","tag-conseils-de-conception","tag-cuisine-moderne-fr","tag-cuisine-sur-mesure","tag-en-vedette"],"yoast_head":"<!-- This site is optimized with the Yoast SEO plugin v25.3 - https:\/\/yoast.com\/wordpress\/plugins\/seo\/ -->\n<title>Le vin entre dans le projet : cr\u00e9er un espace d\u00e9di\u00e9 dans la cuisine - Magazine Zecchinon<\/title>\n<meta name=\"description\" content=\"D\u00e9couvrez comment int\u00e9grer une cave \u00e0 vin dans la cuisine avec des solutions \u00e9l\u00e9gantes et fonctionnelles pour la conservation, le service et le quotidien.\" \/>\n<meta name=\"robots\" content=\"index, follow, max-snippet:-1, max-image-preview:large, max-video-preview:-1\" \/>\n<link rel=\"canonical\" href=\"https:\/\/magazine.zecchinon.com\/fr\/design-fr\/solutions-fr\/cave-a-vin-dans-la-cuisine-espace-vin\/\" \/>\n<meta property=\"og:locale\" content=\"fr_FR\" \/>\n<meta property=\"og:type\" content=\"article\" \/>\n<meta property=\"og:title\" content=\"Le vin entre dans le projet : cr\u00e9er un espace d\u00e9di\u00e9 dans la cuisine - Magazine Zecchinon\" \/>\n<meta property=\"og:description\" content=\"D\u00e9couvrez comment int\u00e9grer une cave \u00e0 vin dans la cuisine avec des solutions \u00e9l\u00e9gantes et fonctionnelles pour la conservation, le service et le quotidien.\" \/>\n<meta property=\"og:url\" content=\"https:\/\/magazine.zecchinon.com\/fr\/design-fr\/solutions-fr\/cave-a-vin-dans-la-cuisine-espace-vin\/\" \/>\n<meta property=\"og:site_name\" content=\"Magazine Zecchinon\" \/>\n<meta property=\"article:published_time\" content=\"2026-09-01T12:04:52+00:00\" \/>\n<meta property=\"article:modified_time\" content=\"2026-09-01T12:37:19+00:00\" \/>\n<meta property=\"og:image\" content=\"https:\/\/magazine.zecchinon.com\/wp-content\/uploads\/2026\/09\/ZCN_Frame50_COMP_03_revego_ap.jpg\" \/>\n\t<meta property=\"og:image:width\" content=\"1500\" \/>\n\t<meta property=\"og:image:height\" content=\"1061\" \/>\n\t<meta property=\"og:image:type\" content=\"image\/jpeg\" \/>\n<meta name=\"author\" content=\"Valeria Garbo\" \/>\n<meta name=\"twitter:card\" content=\"summary_large_image\" \/>\n<meta name=\"twitter:label1\" content=\"\u00c9crit par\" \/>\n\t<meta name=\"twitter:data1\" content=\"Valeria Garbo\" \/>\n\t<meta name=\"twitter:label2\" content=\"Dur\u00e9e de lecture estim\u00e9e\" \/>\n\t<meta name=\"twitter:data2\" content=\"1 minute\" \/>\n<script type=\"application\/ld+json\" class=\"yoast-schema-graph\">{\"@context\":\"https:\/\/schema.org\",\"@graph\":[{\"@type\":\"Article\",\"@id\":\"https:\/\/magazine.zecchinon.com\/fr\/design-fr\/solutions-fr\/cave-a-vin-dans-la-cuisine-espace-vin\/#article\",\"isPartOf\":{\"@id\":\"https:\/\/magazine.zecchinon.com\/fr\/design-fr\/solutions-fr\/cave-a-vin-dans-la-cuisine-espace-vin\/\"},\"author\":{\"name\":\"Valeria Garbo\",\"@id\":\"https:\/\/magazine.zecchinon.com\/#\/schema\/person\/84bbe5105102ea69698c5458b9303848\"},\"headline\":\"Le vin entre dans le projet : cr\u00e9er un espace d\u00e9di\u00e9 dans la cuisine\",\"datePublished\":\"2026-09-01T12:04:52+00:00\",\"dateModified\":\"2026-09-01T12:37:19+00:00\",\"mainEntityOfPage\":{\"@id\":\"https:\/\/magazine.zecchinon.com\/fr\/design-fr\/solutions-fr\/cave-a-vin-dans-la-cuisine-espace-vin\/\"},\"wordCount\":1227,\"commentCount\":0,\"publisher\":{\"@id\":\"https:\/\/magazine.zecchinon.com\/#organization\"},\"image\":{\"@id\":\"https:\/\/magazine.zecchinon.com\/fr\/design-fr\/solutions-fr\/cave-a-vin-dans-la-cuisine-espace-vin\/#primaryimage\"},\"thumbnailUrl\":\"https:\/\/magazine.zecchinon.com\/wp-content\/uploads\/2026\/09\/ZCN_Frame50_COMP_03_revego_ap.jpg\",\"keywords\":[\"Conseils de conception\",\"Cuisine moderne\",\"Cuisine sur mesure\",\"En vedette\"],\"articleSection\":[\"Design\",\"Solutions\"],\"inLanguage\":\"fr-FR\",\"potentialAction\":[{\"@type\":\"CommentAction\",\"name\":\"Comment\",\"target\":[\"https:\/\/magazine.zecchinon.com\/fr\/design-fr\/solutions-fr\/cave-a-vin-dans-la-cuisine-espace-vin\/#respond\"]}]},{\"@type\":\"WebPage\",\"@id\":\"https:\/\/magazine.zecchinon.com\/fr\/design-fr\/solutions-fr\/cave-a-vin-dans-la-cuisine-espace-vin\/\",\"url\":\"https:\/\/magazine.zecchinon.com\/fr\/design-fr\/solutions-fr\/cave-a-vin-dans-la-cuisine-espace-vin\/\",\"name\":\"Le vin entre dans le projet : cr\u00e9er un espace d\u00e9di\u00e9 dans la cuisine - Magazine Zecchinon\",\"isPartOf\":{\"@id\":\"https:\/\/magazine.zecchinon.com\/#website\"},\"primaryImageOfPage\":{\"@id\":\"https:\/\/magazine.zecchinon.com\/fr\/design-fr\/solutions-fr\/cave-a-vin-dans-la-cuisine-espace-vin\/#primaryimage\"},\"image\":{\"@id\":\"https:\/\/magazine.zecchinon.com\/fr\/design-fr\/solutions-fr\/cave-a-vin-dans-la-cuisine-espace-vin\/#primaryimage\"},\"thumbnailUrl\":\"https:\/\/magazine.zecchinon.com\/wp-content\/uploads\/2026\/09\/ZCN_Frame50_COMP_03_revego_ap.jpg\",\"datePublished\":\"2026-09-01T12:04:52+00:00\",\"dateModified\":\"2026-09-01T12:37:19+00:00\",\"description\":\"D\u00e9couvrez comment int\u00e9grer une cave \u00e0 vin dans la cuisine avec des solutions \u00e9l\u00e9gantes et fonctionnelles pour la conservation, le service et le quotidien.\",\"breadcrumb\":{\"@id\":\"https:\/\/magazine.zecchinon.com\/fr\/design-fr\/solutions-fr\/cave-a-vin-dans-la-cuisine-espace-vin\/#breadcrumb\"},\"inLanguage\":\"fr-FR\",\"potentialAction\":[{\"@type\":\"ReadAction\",\"target\":[\"https:\/\/magazine.zecchinon.com\/fr\/design-fr\/solutions-fr\/cave-a-vin-dans-la-cuisine-espace-vin\/\"]}]},{\"@type\":\"ImageObject\",\"inLanguage\":\"fr-FR\",\"@id\":\"https:\/\/magazine.zecchinon.com\/fr\/design-fr\/solutions-fr\/cave-a-vin-dans-la-cuisine-espace-vin\/#primaryimage\",\"url\":\"https:\/\/magazine.zecchinon.com\/wp-content\/uploads\/2026\/09\/ZCN_Frame50_COMP_03_revego_ap.jpg\",\"contentUrl\":\"https:\/\/magazine.zecchinon.com\/wp-content\/uploads\/2026\/09\/ZCN_Frame50_COMP_03_revego_ap.jpg\",\"width\":1500,\"height\":1061,\"caption\":\"Cucina Zecchinon in materiale tecnico chiaro, con sistema revego che scopre workstation con cantinetta vini\"},{\"@type\":\"BreadcrumbList\",\"@id\":\"https:\/\/magazine.zecchinon.com\/fr\/design-fr\/solutions-fr\/cave-a-vin-dans-la-cuisine-espace-vin\/#breadcrumb\",\"itemListElement\":[{\"@type\":\"ListItem\",\"position\":1,\"name\":\"Home\",\"item\":\"https:\/\/magazine.zecchinon.com\/\"},{\"@type\":\"ListItem\",\"position\":2,\"name\":\"Le vin entre dans le projet : cr\u00e9er un espace d\u00e9di\u00e9 dans la cuisine\"}]},{\"@type\":\"WebSite\",\"@id\":\"https:\/\/magazine.zecchinon.com\/#website\",\"url\":\"https:\/\/magazine.zecchinon.com\/\",\"name\":\"Magazine Zecchinon\",\"description\":\"Your Kitchen. Live Every Moment.\",\"publisher\":{\"@id\":\"https:\/\/magazine.zecchinon.com\/#organization\"},\"potentialAction\":[{\"@type\":\"SearchAction\",\"target\":{\"@type\":\"EntryPoint\",\"urlTemplate\":\"https:\/\/magazine.zecchinon.com\/?s={search_term_string}\"},\"query-input\":{\"@type\":\"PropertyValueSpecification\",\"valueRequired\":true,\"valueName\":\"search_term_string\"}}],\"inLanguage\":\"fr-FR\"},{\"@type\":\"Organization\",\"@id\":\"https:\/\/magazine.zecchinon.com\/#organization\",\"name\":\"Zecchinon\",\"url\":\"https:\/\/magazine.zecchinon.com\/\",\"logo\":{\"@type\":\"ImageObject\",\"inLanguage\":\"fr-FR\",\"@id\":\"https:\/\/magazine.zecchinon.com\/#\/schema\/logo\/image\/\",\"url\":\"https:\/\/magazine.zecchinon.com\/wp-content\/uploads\/2025\/02\/favicon.png\",\"contentUrl\":\"https:\/\/magazine.zecchinon.com\/wp-content\/uploads\/2025\/02\/favicon.png\",\"width\":64,\"height\":64,\"caption\":\"Zecchinon\"},\"image\":{\"@id\":\"https:\/\/magazine.zecchinon.com\/#\/schema\/logo\/image\/\"}},{\"@type\":\"Person\",\"@id\":\"https:\/\/magazine.zecchinon.com\/#\/schema\/person\/84bbe5105102ea69698c5458b9303848\",\"name\":\"Valeria Garbo\",\"image\":{\"@type\":\"ImageObject\",\"inLanguage\":\"fr-FR\",\"@id\":\"https:\/\/magazine.zecchinon.com\/#\/schema\/person\/image\/\",\"url\":\"https:\/\/secure.gravatar.com\/avatar\/aa2f4b4c2a1176b2afa3e51dce7e01f88a37832ae877758df9dda9ba886cd626?s=96&d=mm&r=g\",\"contentUrl\":\"https:\/\/secure.gravatar.com\/avatar\/aa2f4b4c2a1176b2afa3e51dce7e01f88a37832ae877758df9dda9ba886cd626?s=96&d=mm&r=g\",\"caption\":\"Valeria Garbo\"},\"sameAs\":[\"https:\/\/www.accidiosav.com\"],\"url\":\"https:\/\/magazine.zecchinon.com\/fr\/author\/valeeee-g\/\"}]}<\/script>\n<!-- \/ Yoast SEO plugin. -->","yoast_head_json":{"title":"Le vin entre dans le projet : cr\u00e9er un espace d\u00e9di\u00e9 dans la cuisine - Magazine Zecchinon","description":"D\u00e9couvrez comment int\u00e9grer une cave \u00e0 vin dans la cuisine avec des solutions \u00e9l\u00e9gantes et fonctionnelles pour la conservation, le service et le quotidien.","robots":{"index":"index","follow":"follow","max-snippet":"max-snippet:-1","max-image-preview":"max-image-preview:large","max-video-preview":"max-video-preview:-1"},"canonical":"https:\/\/magazine.zecchinon.com\/fr\/design-fr\/solutions-fr\/cave-a-vin-dans-la-cuisine-espace-vin\/","og_locale":"fr_FR","og_type":"article","og_title":"Le vin entre dans le projet : cr\u00e9er un espace d\u00e9di\u00e9 dans la cuisine - Magazine Zecchinon","og_description":"D\u00e9couvrez comment int\u00e9grer une cave \u00e0 vin dans la cuisine avec des solutions \u00e9l\u00e9gantes et fonctionnelles pour la conservation, le service et le quotidien.","og_url":"https:\/\/magazine.zecchinon.com\/fr\/design-fr\/solutions-fr\/cave-a-vin-dans-la-cuisine-espace-vin\/","og_site_name":"Magazine Zecchinon","article_published_time":"2026-09-01T12:04:52+00:00","article_modified_time":"2026-09-01T12:37:19+00:00","og_image":[{"width":1500,"height":1061,"url":"https:\/\/magazine.zecchinon.com\/wp-content\/uploads\/2026\/09\/ZCN_Frame50_COMP_03_revego_ap.jpg","type":"image\/jpeg"}],"author":"Valeria Garbo","twitter_card":"summary_large_image","twitter_misc":{"\u00c9crit par":"Valeria Garbo","Dur\u00e9e de lecture estim\u00e9e":"1 minute"},"schema":{"@context":"https:\/\/schema.org","@graph":[{"@type":"Article","@id":"https:\/\/magazine.zecchinon.com\/fr\/design-fr\/solutions-fr\/cave-a-vin-dans-la-cuisine-espace-vin\/#article","isPartOf":{"@id":"https:\/\/magazine.zecchinon.com\/fr\/design-fr\/solutions-fr\/cave-a-vin-dans-la-cuisine-espace-vin\/"},"author":{"name":"Valeria Garbo","@id":"https:\/\/magazine.zecchinon.com\/#\/schema\/person\/84bbe5105102ea69698c5458b9303848"},"headline":"Le vin entre dans le projet : cr\u00e9er un espace d\u00e9di\u00e9 dans la cuisine","datePublished":"2026-09-01T12:04:52+00:00","dateModified":"2026-09-01T12:37:19+00:00","mainEntityOfPage":{"@id":"https:\/\/magazine.zecchinon.com\/fr\/design-fr\/solutions-fr\/cave-a-vin-dans-la-cuisine-espace-vin\/"},"wordCount":1227,"commentCount":0,"publisher":{"@id":"https:\/\/magazine.zecchinon.com\/#organization"},"image":{"@id":"https:\/\/magazine.zecchinon.com\/fr\/design-fr\/solutions-fr\/cave-a-vin-dans-la-cuisine-espace-vin\/#primaryimage"},"thumbnailUrl":"https:\/\/magazine.zecchinon.com\/wp-content\/uploads\/2026\/09\/ZCN_Frame50_COMP_03_revego_ap.jpg","keywords":["Conseils de conception","Cuisine moderne","Cuisine sur mesure","En vedette"],"articleSection":["Design","Solutions"],"inLanguage":"fr-FR","potentialAction":[{"@type":"CommentAction","name":"Comment","target":["https:\/\/magazine.zecchinon.com\/fr\/design-fr\/solutions-fr\/cave-a-vin-dans-la-cuisine-espace-vin\/#respond"]}]},{"@type":"WebPage","@id":"https:\/\/magazine.zecchinon.com\/fr\/design-fr\/solutions-fr\/cave-a-vin-dans-la-cuisine-espace-vin\/","url":"https:\/\/magazine.zecchinon.com\/fr\/design-fr\/solutions-fr\/cave-a-vin-dans-la-cuisine-espace-vin\/","name":"Le vin entre dans le projet : cr\u00e9er un espace d\u00e9di\u00e9 dans la cuisine - Magazine Zecchinon","isPartOf":{"@id":"https:\/\/magazine.zecchinon.com\/#website"},"primaryImageOfPage":{"@id":"https:\/\/magazine.zecchinon.com\/fr\/design-fr\/solutions-fr\/cave-a-vin-dans-la-cuisine-espace-vin\/#primaryimage"},"image":{"@id":"https:\/\/magazine.zecchinon.com\/fr\/design-fr\/solutions-fr\/cave-a-vin-dans-la-cuisine-espace-vin\/#primaryimage"},"thumbnailUrl":"https:\/\/magazine.zecchinon.com\/wp-content\/uploads\/2026\/09\/ZCN_Frame50_COMP_03_revego_ap.jpg","datePublished":"2026-09-01T12:04:52+00:00","dateModified":"2026-09-01T12:37:19+00:00","description":"D\u00e9couvrez comment int\u00e9grer une cave \u00e0 vin dans la cuisine avec des solutions \u00e9l\u00e9gantes et fonctionnelles pour la conservation, le service et le quotidien.","breadcrumb":{"@id":"https:\/\/magazine.zecchinon.com\/fr\/design-fr\/solutions-fr\/cave-a-vin-dans-la-cuisine-espace-vin\/#breadcrumb"},"inLanguage":"fr-FR","potentialAction":[{"@type":"ReadAction","target":["https:\/\/magazine.zecchinon.com\/fr\/design-fr\/solutions-fr\/cave-a-vin-dans-la-cuisine-espace-vin\/"]}]},{"@type":"ImageObject","inLanguage":"fr-FR","@id":"https:\/\/magazine.zecchinon.com\/fr\/design-fr\/solutions-fr\/cave-a-vin-dans-la-cuisine-espace-vin\/#primaryimage","url":"https:\/\/magazine.zecchinon.com\/wp-content\/uploads\/2026\/09\/ZCN_Frame50_COMP_03_revego_ap.jpg","contentUrl":"https:\/\/magazine.zecchinon.com\/wp-content\/uploads\/2026\/09\/ZCN_Frame50_COMP_03_revego_ap.jpg","width":1500,"height":1061,"caption":"Cucina Zecchinon in materiale tecnico chiaro, con sistema revego che scopre workstation con cantinetta vini"},{"@type":"BreadcrumbList","@id":"https:\/\/magazine.zecchinon.com\/fr\/design-fr\/solutions-fr\/cave-a-vin-dans-la-cuisine-espace-vin\/#breadcrumb","itemListElement":[{"@type":"ListItem","position":1,"name":"Home","item":"https:\/\/magazine.zecchinon.com\/"},{"@type":"ListItem","position":2,"name":"Le vin entre dans le projet : cr\u00e9er un espace d\u00e9di\u00e9 dans la cuisine"}]},{"@type":"WebSite","@id":"https:\/\/magazine.zecchinon.com\/#website","url":"https:\/\/magazine.zecchinon.com\/","name":"Magazine Zecchinon","description":"Your Kitchen. Live Every Moment.","publisher":{"@id":"https:\/\/magazine.zecchinon.com\/#organization"},"potentialAction":[{"@type":"SearchAction","target":{"@type":"EntryPoint","urlTemplate":"https:\/\/magazine.zecchinon.com\/?s={search_term_string}"},"query-input":{"@type":"PropertyValueSpecification","valueRequired":true,"valueName":"search_term_string"}}],"inLanguage":"fr-FR"},{"@type":"Organization","@id":"https:\/\/magazine.zecchinon.com\/#organization","name":"Zecchinon","url":"https:\/\/magazine.zecchinon.com\/","logo":{"@type":"ImageObject","inLanguage":"fr-FR","@id":"https:\/\/magazine.zecchinon.com\/#\/schema\/logo\/image\/","url":"https:\/\/magazine.zecchinon.com\/wp-content\/uploads\/2025\/02\/favicon.png","contentUrl":"https:\/\/magazine.zecchinon.com\/wp-content\/uploads\/2025\/02\/favicon.png","width":64,"height":64,"caption":"Zecchinon"},"image":{"@id":"https:\/\/magazine.zecchinon.com\/#\/schema\/logo\/image\/"}},{"@type":"Person","@id":"https:\/\/magazine.zecchinon.com\/#\/schema\/person\/84bbe5105102ea69698c5458b9303848","name":"Valeria Garbo","image":{"@type":"ImageObject","inLanguage":"fr-FR","@id":"https:\/\/magazine.zecchinon.com\/#\/schema\/person\/image\/","url":"https:\/\/secure.gravatar.com\/avatar\/aa2f4b4c2a1176b2afa3e51dce7e01f88a37832ae877758df9dda9ba886cd626?s=96&d=mm&r=g","contentUrl":"https:\/\/secure.gravatar.com\/avatar\/aa2f4b4c2a1176b2afa3e51dce7e01f88a37832ae877758df9dda9ba886cd626?s=96&d=mm&r=g","caption":"Valeria Garbo"},"sameAs":["https:\/\/www.accidiosav.com"],"url":"https:\/\/magazine.zecchinon.com\/fr\/author\/valeeee-g\/"}]}},"_links":{"self":[{"href":"https:\/\/magazine.zecchinon.com\/fr\/wp-json\/wp\/v2\/posts\/991091","targetHints":{"allow":["GET"]}}],"collection":[{"href":"https:\/\/magazine.zecchinon.com\/fr\/wp-json\/wp\/v2\/posts"}],"about":[{"href":"https:\/\/magazine.zecchinon.com\/fr\/wp-json\/wp\/v2\/types\/post"}],"author":[{"embeddable":true,"href":"https:\/\/magazine.zecchinon.com\/fr\/wp-json\/wp\/v2\/users\/2"}],"replies":[{"embeddable":true,"href":"https:\/\/magazine.zecchinon.com\/fr\/wp-json\/wp\/v2\/comments?post=991091"}],"version-history":[{"count":5,"href":"https:\/\/magazine.zecchinon.com\/fr\/wp-json\/wp\/v2\/posts\/991091\/revisions"}],"predecessor-version":[{"id":991097,"href":"https:\/\/magazine.zecchinon.com\/fr\/wp-json\/wp\/v2\/posts\/991091\/revisions\/991097"}],"wp:featuredmedia":[{"embeddable":true,"href":"https:\/\/magazine.zecchinon.com\/fr\/wp-json\/wp\/v2\/media\/991062"}],"wp:attachment":[{"href":"https:\/\/magazine.zecchinon.com\/fr\/wp-json\/wp\/v2\/media?parent=991091"}],"wp:term":[{"taxonomy":"category","embeddable":true,"href":"https:\/\/magazine.zecchinon.com\/fr\/wp-json\/wp\/v2\/categories?post=991091"},{"taxonomy":"post_tag","embeddable":true,"href":"https:\/\/magazine.zecchinon.com\/fr\/wp-json\/wp\/v2\/tags?post=991091"}],"curies":[{"name":"wp","href":"https:\/\/api.w.org\/{rel}","templated":true}]}}